
{"id":5142,"date":"2018-09-12T10:21:31","date_gmt":"2018-09-12T08:21:31","guid":{"rendered":"http:\/\/www.shincommunication.com\/?p=5142"},"modified":"2018-09-12T10:21:31","modified_gmt":"2018-09-12T08:21:31","slug":"tem-elettromeccanica-al-saie-2018","status":"publish","type":"post","link":"https:\/\/www.shincommunication.com\/fr\/tem-elettromeccanica-al-saie-2018\/","title":{"rendered":"TEM Elettromeccanica al SAIE 2018"},"content":{"rendered":"<div style=\"background-repeat: no-repeat;\"><p align=\"center\"><i>L\u2019azienda parteciper\u00e0 al noto salone del settore edilizio\u00a0di Bologna<\/i><\/p>\n<p align=\"center\"><i>Pad. 26 stand B125<\/i><\/p>\n<p><a href=\"http:\/\/www.temelettromeccanica.it\/it\/home.asp\">TEM Elettromeccanica<\/a>, societ\u00e0 italiana con esperienza maturata nel settore dei contenitori (enclosure) per bassa media tensione, annuncia la partecipazione all\u2019esposizione pi\u00f9 importante nel settore edilizio, che si terr\u00e0 dal 17 al 20 ottobre 2018 presso Bologna Fiere.<\/p>\n<p><a href=\"http:\/\/www.shincommunication.com\/wp-content\/uploads\/2018\/09\/SAIE-Bologna-20181.jpg\"><img loading=\"lazy\" decoding=\"async\" class=\"alignnone size-medium wp-image-5143\" alt=\"SAIE Bologna 2018\" src=\"http:\/\/www.shincommunication.com\/wp-content\/uploads\/2018\/09\/SAIE-Bologna-20181-200x300.jpg\" width=\"200\" height=\"300\" srcset=\"https:\/\/www.shincommunication.com\/wp-content\/uploads\/2018\/09\/SAIE-Bologna-20181-200x300.jpg 200w, https:\/\/www.shincommunication.com\/wp-content\/uploads\/2018\/09\/SAIE-Bologna-20181.jpg 520w\" sizes=\"auto, (max-width: 200px) 100vw, 200px\" \/><\/a><!--more--><\/p>\n<p>\u201cIl SAIE rappresenta un\u2019importante vetrina e momento di incontro del settore, per noi \u00e8 un appuntamento immancabile. Il nostro obiettivo \u00e8 far conoscere ad architetti e installatori il nostro catalogo che comprende diversi prodotti e soluzioni adatte al mondo della distribuzione dell\u2019energia e delle telecomunicazioni.\u201d Commenta Marco Crippa, CEO di TEM Elettromeccanica.<\/p>\n<p>Le novit\u00e0 di quest\u2019anno sono gli armadi stradali Wally, ideali per la distribuzione dell\u2019energia, che presentano un\u2019innovazione nell\u2019estetica, personalizzabile sia nello stile che nella grafica. Questi armadi vengono sottoposti a un trattamento estetico che li differenzia da altri prodotti gi\u00e0 presenti sul mercato. Sono infatti cromaticamente ideali per essere installati in contesti di interesse paesaggistico quali citt\u00e0 storiche, parchi, zone rielaborate architettonicamente, in cui \u00e8 fondamentale un gusto estetico per far esaltare o mimetizzare le superfici nel contesto d\u2019installazione.<\/p>\n<p>Il trattamento speciale a cui vengono sottoposti gli armadi Wally li rende molto gradevoli alla vista e integrati perfettamente con l\u2019ambiente. Sul piano tecnico li rende pi\u00f9 sottili ma contemporaneamente pi\u00f9 resistenti agli agenti atmosferici, e di conseguenza il loro deterioramento avviene in tempi molto pi\u00f9 lunghi rispetto ad altri armadi non trattati. Visitate lo stand di TEM al Pad. 26 Stand B125 per scoprire l\u2019intera gamma di prodotti.<\/p>\n<p><a href=\"http:\/\/www.shincommunication.com\/wp-content\/uploads\/2018\/09\/Saie.jpg\"><img loading=\"lazy\" decoding=\"async\" class=\"alignnone size-medium wp-image-5144\" alt=\"Saie\" src=\"http:\/\/www.shincommunication.com\/wp-content\/uploads\/2018\/09\/Saie-225x300.jpg\" width=\"225\" height=\"300\" srcset=\"https:\/\/www.shincommunication.com\/wp-content\/uploads\/2018\/09\/Saie-225x300.jpg 225w, https:\/\/www.shincommunication.com\/wp-content\/uploads\/2018\/09\/Saie.jpg 612w\" sizes=\"auto, (max-width: 225px) 100vw, 225px\" \/><\/a><\/p>\n<\/div><div style=\"padding-bottom:20px; padding-top:10px;\" class=\"hupso-share-buttons\"><!-- Hupso Share Buttons - http:\/\/www.hupso.com\/share\/ --><a class=\"hupso_toolbar\" href=\"http:\/\/www.hupso.com\/share\/\"><img decoding=\"async\" src=\"https:\/\/static.hupso.com\/share\/buttons\/share-small.png\" style=\"border:0px; padding-top:5px; float:left;\" alt=\"Share Button\"\/><\/a><script type=\"text\/javascript\">var hupso_services_t=new Array(\"Twitter\",\"Facebook\",\"Google Plus\",\"Pinterest\",\"Linkedin\",\"StumbleUpon\",\"Digg\",\"Reddit\",\"Bebo\",\"Delicious\");var hupso_background_t=\"#EAF4FF\";var hupso_border_t=\"#66CCFF\";var hupso_toolbar_size_t=\"small\";var hupso_image_folder_url = \"http:\/\/www.shincommunication.com\/wp-content\/plugins\/hupso-share-buttons-for-twitter-facebook-google\/img\/services\/\";var hupso_url_t=\"\";var hupso_title_t=\"TEM Elettromeccanica al SAIE 2018\";<\/script><script type=\"text\/javascript\" src=\"https:\/\/static.hupso.com\/share\/js\/share_toolbar.js\"><\/script><!-- Hupso Share Buttons --><\/div>","protected":false},"excerpt":{"rendered":"<p>L\u2019azienda parteciper\u00e0 al noto salone del settore edilizio\u00a0di Bologna Pad. 26 stand B125 TEM Elettromeccanica, societ\u00e0 italiana con esperienza maturata&#8230;<\/p>\n<div style=\"padding-bottom:20px; padding-top:10px;\" class=\"hupso-share-buttons\"><!-- Hupso Share Buttons - http:\/\/www.hupso.com\/share\/ --><a class=\"hupso_toolbar\" href=\"http:\/\/www.hupso.com\/share\/\"><img src=\"https:\/\/static.hupso.com\/share\/buttons\/share-small.png\" style=\"border:0px; padding-top:5px; float:left;\" alt=\"Share Button\"\/><\/a><script type=\"text\/javascript\">var hupso_services_t=new Array(\"Twitter\",\"Facebook\",\"Google Plus\",\"Pinterest\",\"Linkedin\",\"StumbleUpon\",\"Digg\",\"Reddit\",\"Bebo\",\"Delicious\");var hupso_background_t=\"#EAF4FF\";var hupso_border_t=\"#66CCFF\";var hupso_toolbar_size_t=\"small\";var hupso_image_folder_url = \"http:\/\/www.shincommunication.com\/wp-content\/plugins\/hupso-share-buttons-for-twitter-facebook-google\/img\/services\/\";var hupso_url_t=\"\";var hupso_title_t=\"TEM Elettromeccanica al SAIE 2018\";<\/script><script type=\"text\/javascript\" src=\"https:\/\/static.hupso.com\/share\/js\/share_toolbar.js\"><\/script><!-- Hupso Share Buttons --><\/div>","protected":false},"author":1,"featured_media":0,"comment_status":"closed","ping_status":"closed","sticky":false,"template":"","format":"standard","meta":{"footnotes":""},"categories":[25,570],"tags":[1427,1428,1426,1425,1628],"class_list":["post-5142","post","type-post","status-publish","format-standard","hentry","category-comunicati-stampa","category-tem-elettromeccanica","tag-bologna-fiere","tag-edilizia","tag-enclosure","tag-saie2018","tag-tem-elettromeccanica"],"yoast_head":"<!-- This site is optimized with the Yoast SEO plugin v25.3.1 - https:\/\/yoast.com\/wordpress\/plugins\/seo\/ -->\n<title>TEM Elettromeccanica al SAIE 2018 - Shin Communication<\/title>\n<meta name=\"description\" content=\"TEM Elettromeccanica, societ\u00e0 italiana con esperienza maturata nel settore dei contenitori (enclosure) per bassa media tensione, annuncia la partecipazione all\u2019esposizione pi\u00f9 importante nel settore edilizio, che si terr\u00e0 dal 17 al 20 ottobre 2018 presso Bologna Fiere.\" \/>\n<meta name=\"robots\" content=\"index, follow, max-snippet:-1, max-image-preview:large, max-video-preview:-1\" \/>\n<link rel=\"canonical\" href=\"https:\/\/www.shincommunication.com\/tem-elettromeccanica-al-saie-2018\/\" \/>\n<meta property=\"og:locale\" content=\"fr_FR\" \/>\n<meta property=\"og:type\" content=\"article\" \/>\n<meta property=\"og:title\" content=\"TEM Elettromeccanica al SAIE 2018 - Shin Communication\" \/>\n<meta property=\"og:description\" content=\"TEM Elettromeccanica, societ\u00e0 italiana con esperienza maturata nel settore dei contenitori (enclosure) per bassa media tensione, annuncia la partecipazione all\u2019esposizione pi\u00f9 importante nel settore edilizio, che si terr\u00e0 dal 17 al 20 ottobre 2018 presso Bologna Fiere.\" \/>\n<meta property=\"og:url\" content=\"https:\/\/www.shincommunication.com\/tem-elettromeccanica-al-saie-2018\/\" \/>\n<meta property=\"og:site_name\" content=\"Shin Communication\" \/>\n<meta property=\"article:publisher\" content=\"https:\/\/www.facebook.com\/ShinCommunication\" \/>\n<meta property=\"article:published_time\" content=\"2018-09-12T08:21:31+00:00\" \/>\n<meta property=\"og:image\" content=\"http:\/\/www.shincommunication.com\/wp-content\/uploads\/2018\/09\/SAIE-Bologna-20181-200x300.jpg\" \/>\n<meta name=\"author\" content=\"Shin\" \/>\n<meta name=\"twitter:label1\" content=\"\u00c9crit par\" \/>\n\t<meta name=\"twitter:data1\" content=\"Shin\" \/>\n\t<meta name=\"twitter:label2\" content=\"Dur\u00e9e de lecture estim\u00e9e\" \/>\n\t<meta name=\"twitter:data2\" content=\"1 minute\" \/>\n<script type=\"application\/ld+json\" class=\"yoast-schema-graph\">{\"@context\":\"https:\/\/schema.org\",\"@graph\":[{\"@type\":\"Article\",\"@id\":\"https:\/\/www.shincommunication.com\/tem-elettromeccanica-al-saie-2018\/#article\",\"isPartOf\":{\"@id\":\"https:\/\/www.shincommunication.com\/tem-elettromeccanica-al-saie-2018\/\"},\"author\":{\"name\":\"Shin\",\"@id\":\"https:\/\/www.shincommunication.com\/#\/schema\/person\/0c181271878e454d6408e519766100ec\"},\"headline\":\"TEM Elettromeccanica al SAIE 2018\",\"datePublished\":\"2018-09-12T08:21:31+00:00\",\"mainEntityOfPage\":{\"@id\":\"https:\/\/www.shincommunication.com\/tem-elettromeccanica-al-saie-2018\/\"},\"wordCount\":258,\"publisher\":{\"@id\":\"https:\/\/www.shincommunication.com\/#organization\"},\"image\":{\"@id\":\"https:\/\/www.shincommunication.com\/tem-elettromeccanica-al-saie-2018\/#primaryimage\"},\"thumbnailUrl\":\"http:\/\/www.shincommunication.com\/wp-content\/uploads\/2018\/09\/SAIE-Bologna-20181-200x300.jpg\",\"keywords\":[\"Bologna Fiere\",\"edilizia\",\"enclosure\",\"SAIE2018\",\"TEM Elettromeccanica\"],\"articleSection\":[\"Press Area\",\"TEM Elettromeccanica\"],\"inLanguage\":\"fr-FR\"},{\"@type\":\"WebPage\",\"@id\":\"https:\/\/www.shincommunication.com\/tem-elettromeccanica-al-saie-2018\/\",\"url\":\"https:\/\/www.shincommunication.com\/tem-elettromeccanica-al-saie-2018\/\",\"name\":\"TEM Elettromeccanica al SAIE 2018 - Shin Communication\",\"isPartOf\":{\"@id\":\"https:\/\/www.shincommunication.com\/#website\"},\"primaryImageOfPage\":{\"@id\":\"https:\/\/www.shincommunication.com\/tem-elettromeccanica-al-saie-2018\/#primaryimage\"},\"image\":{\"@id\":\"https:\/\/www.shincommunication.com\/tem-elettromeccanica-al-saie-2018\/#primaryimage\"},\"thumbnailUrl\":\"http:\/\/www.shincommunication.com\/wp-content\/uploads\/2018\/09\/SAIE-Bologna-20181-200x300.jpg\",\"datePublished\":\"2018-09-12T08:21:31+00:00\",\"description\":\"TEM Elettromeccanica, societ\u00e0 italiana con esperienza maturata nel settore dei contenitori (enclosure) per bassa media tensione, annuncia la partecipazione all\u2019esposizione pi\u00f9 importante nel settore edilizio, che si terr\u00e0 dal 17 al 20 ottobre 2018 presso Bologna Fiere.\",\"inLanguage\":\"fr-FR\",\"potentialAction\":[{\"@type\":\"ReadAction\",\"target\":[\"https:\/\/www.shincommunication.com\/tem-elettromeccanica-al-saie-2018\/\"]}]},{\"@type\":\"ImageObject\",\"inLanguage\":\"fr-FR\",\"@id\":\"https:\/\/www.shincommunication.com\/tem-elettromeccanica-al-saie-2018\/#primaryimage\",\"url\":\"http:\/\/www.shincommunication.com\/wp-content\/uploads\/2018\/09\/SAIE-Bologna-20181-200x300.jpg\",\"contentUrl\":\"http:\/\/www.shincommunication.com\/wp-content\/uploads\/2018\/09\/SAIE-Bologna-20181-200x300.jpg\"},{\"@type\":\"WebSite\",\"@id\":\"https:\/\/www.shincommunication.com\/#website\",\"url\":\"https:\/\/www.shincommunication.com\/\",\"name\":\"Shin Communication\",\"description\":\"Press Relation and more\",\"publisher\":{\"@id\":\"https:\/\/www.shincommunication.com\/#organization\"},\"potentialAction\":[{\"@type\":\"SearchAction\",\"target\":{\"@type\":\"EntryPoint\",\"urlTemplate\":\"https:\/\/www.shincommunication.com\/?s={search_term_string}\"},\"query-input\":{\"@type\":\"PropertyValueSpecification\",\"valueRequired\":true,\"valueName\":\"search_term_string\"}}],\"inLanguage\":\"fr-FR\"},{\"@type\":\"Organization\",\"@id\":\"https:\/\/www.shincommunication.com\/#organization\",\"name\":\"Shin Communication\",\"url\":\"https:\/\/www.shincommunication.com\/\",\"logo\":{\"@type\":\"ImageObject\",\"inLanguage\":\"fr-FR\",\"@id\":\"https:\/\/www.shincommunication.com\/#\/schema\/logo\/image\/\",\"url\":\"https:\/\/www.shincommunication.com\/wp-content\/uploads\/2019\/03\/logo_shin.png\",\"contentUrl\":\"https:\/\/www.shincommunication.com\/wp-content\/uploads\/2019\/03\/logo_shin.png\",\"width\":200,\"height\":200,\"caption\":\"Shin Communication\"},\"image\":{\"@id\":\"https:\/\/www.shincommunication.com\/#\/schema\/logo\/image\/\"},\"sameAs\":[\"https:\/\/www.facebook.com\/ShinCommunication\",\"https:\/\/x.com\/ShinCommunicate\",\"http:\/\/www.linkedin.com\/company\/shin-communication?trk=hb_tab_compy_id_2949876\"]},{\"@type\":\"Person\",\"@id\":\"https:\/\/www.shincommunication.com\/#\/schema\/person\/0c181271878e454d6408e519766100ec\",\"name\":\"Shin\",\"image\":{\"@type\":\"ImageObject\",\"inLanguage\":\"fr-FR\",\"@id\":\"https:\/\/www.shincommunication.com\/#\/schema\/person\/image\/\",\"url\":\"https:\/\/secure.gravatar.com\/avatar\/8312385b498db60711056d1d237fe6de?s=96&d=mm&r=g\",\"contentUrl\":\"https:\/\/secure.gravatar.com\/avatar\/8312385b498db60711056d1d237fe6de?s=96&d=mm&r=g\",\"caption\":\"Shin\"}}]}<\/script>\n<!-- \/ Yoast SEO plugin. -->","yoast_head_json":{"title":"TEM Elettromeccanica al SAIE 2018 - Shin Communication","description":"TEM Elettromeccanica, societ\u00e0 italiana con esperienza maturata nel settore dei contenitori (enclosure) per bassa media tensione, annuncia la partecipazione all\u2019esposizione pi\u00f9 importante nel settore edilizio, che si terr\u00e0 dal 17 al 20 ottobre 2018 presso Bologna Fiere.","robots":{"index":"index","follow":"follow","max-snippet":"max-snippet:-1","max-image-preview":"max-image-preview:large","max-video-preview":"max-video-preview:-1"},"canonical":"https:\/\/www.shincommunication.com\/tem-elettromeccanica-al-saie-2018\/","og_locale":"fr_FR","og_type":"article","og_title":"TEM Elettromeccanica al SAIE 2018 - Shin Communication","og_description":"TEM Elettromeccanica, societ\u00e0 italiana con esperienza maturata nel settore dei contenitori (enclosure) per bassa media tensione, annuncia la partecipazione all\u2019esposizione pi\u00f9 importante nel settore edilizio, che si terr\u00e0 dal 17 al 20 ottobre 2018 presso Bologna Fiere.","og_url":"https:\/\/www.shincommunication.com\/tem-elettromeccanica-al-saie-2018\/","og_site_name":"Shin Communication","article_publisher":"https:\/\/www.facebook.com\/ShinCommunication","article_published_time":"2018-09-12T08:21:31+00:00","og_image":[{"url":"http:\/\/www.shincommunication.com\/wp-content\/uploads\/2018\/09\/SAIE-Bologna-20181-200x300.jpg","type":"","width":"","height":""}],"author":"Shin","twitter_misc":{"\u00c9crit par":"Shin","Dur\u00e9e de lecture estim\u00e9e":"1 minute"},"schema":{"@context":"https:\/\/schema.org","@graph":[{"@type":"Article","@id":"https:\/\/www.shincommunication.com\/tem-elettromeccanica-al-saie-2018\/#article","isPartOf":{"@id":"https:\/\/www.shincommunication.com\/tem-elettromeccanica-al-saie-2018\/"},"author":{"name":"Shin","@id":"https:\/\/www.shincommunication.com\/#\/schema\/person\/0c181271878e454d6408e519766100ec"},"headline":"TEM Elettromeccanica al SAIE 2018","datePublished":"2018-09-12T08:21:31+00:00","mainEntityOfPage":{"@id":"https:\/\/www.shincommunication.com\/tem-elettromeccanica-al-saie-2018\/"},"wordCount":258,"publisher":{"@id":"https:\/\/www.shincommunication.com\/#organization"},"image":{"@id":"https:\/\/www.shincommunication.com\/tem-elettromeccanica-al-saie-2018\/#primaryimage"},"thumbnailUrl":"http:\/\/www.shincommunication.com\/wp-content\/uploads\/2018\/09\/SAIE-Bologna-20181-200x300.jpg","keywords":["Bologna Fiere","edilizia","enclosure","SAIE2018","TEM Elettromeccanica"],"articleSection":["Press Area","TEM Elettromeccanica"],"inLanguage":"fr-FR"},{"@type":"WebPage","@id":"https:\/\/www.shincommunication.com\/tem-elettromeccanica-al-saie-2018\/","url":"https:\/\/www.shincommunication.com\/tem-elettromeccanica-al-saie-2018\/","name":"TEM Elettromeccanica al SAIE 2018 - Shin Communication","isPartOf":{"@id":"https:\/\/www.shincommunication.com\/#website"},"primaryImageOfPage":{"@id":"https:\/\/www.shincommunication.com\/tem-elettromeccanica-al-saie-2018\/#primaryimage"},"image":{"@id":"https:\/\/www.shincommunication.com\/tem-elettromeccanica-al-saie-2018\/#primaryimage"},"thumbnailUrl":"http:\/\/www.shincommunication.com\/wp-content\/uploads\/2018\/09\/SAIE-Bologna-20181-200x300.jpg","datePublished":"2018-09-12T08:21:31+00:00","description":"TEM Elettromeccanica, societ\u00e0 italiana con esperienza maturata nel settore dei contenitori (enclosure) per bassa media tensione, annuncia la partecipazione all\u2019esposizione pi\u00f9 importante nel settore edilizio, che si terr\u00e0 dal 17 al 20 ottobre 2018 presso Bologna Fiere.","inLanguage":"fr-FR","potentialAction":[{"@type":"ReadAction","target":["https:\/\/www.shincommunication.com\/tem-elettromeccanica-al-saie-2018\/"]}]},{"@type":"ImageObject","inLanguage":"fr-FR","@id":"https:\/\/www.shincommunication.com\/tem-elettromeccanica-al-saie-2018\/#primaryimage","url":"http:\/\/www.shincommunication.com\/wp-content\/uploads\/2018\/09\/SAIE-Bologna-20181-200x300.jpg","contentUrl":"http:\/\/www.shincommunication.com\/wp-content\/uploads\/2018\/09\/SAIE-Bologna-20181-200x300.jpg"},{"@type":"WebSite","@id":"https:\/\/www.shincommunication.com\/#website","url":"https:\/\/www.shincommunication.com\/","name":"Shin Communication","description":"Press Relation and more","publisher":{"@id":"https:\/\/www.shincommunication.com\/#organization"},"potentialAction":[{"@type":"SearchAction","target":{"@type":"EntryPoint","urlTemplate":"https:\/\/www.shincommunication.com\/?s={search_term_string}"},"query-input":{"@type":"PropertyValueSpecification","valueRequired":true,"valueName":"search_term_string"}}],"inLanguage":"fr-FR"},{"@type":"Organization","@id":"https:\/\/www.shincommunication.com\/#organization","name":"Shin Communication","url":"https:\/\/www.shincommunication.com\/","logo":{"@type":"ImageObject","inLanguage":"fr-FR","@id":"https:\/\/www.shincommunication.com\/#\/schema\/logo\/image\/","url":"https:\/\/www.shincommunication.com\/wp-content\/uploads\/2019\/03\/logo_shin.png","contentUrl":"https:\/\/www.shincommunication.com\/wp-content\/uploads\/2019\/03\/logo_shin.png","width":200,"height":200,"caption":"Shin Communication"},"image":{"@id":"https:\/\/www.shincommunication.com\/#\/schema\/logo\/image\/"},"sameAs":["https:\/\/www.facebook.com\/ShinCommunication","https:\/\/x.com\/ShinCommunicate","http:\/\/www.linkedin.com\/company\/shin-communication?trk=hb_tab_compy_id_2949876"]},{"@type":"Person","@id":"https:\/\/www.shincommunication.com\/#\/schema\/person\/0c181271878e454d6408e519766100ec","name":"Shin","image":{"@type":"ImageObject","inLanguage":"fr-FR","@id":"https:\/\/www.shincommunication.com\/#\/schema\/person\/image\/","url":"https:\/\/secure.gravatar.com\/avatar\/8312385b498db60711056d1d237fe6de?s=96&d=mm&r=g","contentUrl":"https:\/\/secure.gravatar.com\/avatar\/8312385b498db60711056d1d237fe6de?s=96&d=mm&r=g","caption":"Shin"}}]}},"_links":{"self":[{"href":"https:\/\/www.shincommunication.com\/fr\/wp-json\/wp\/v2\/posts\/5142","targetHints":{"allow":["GET"]}}],"collection":[{"href":"https:\/\/www.shincommunication.com\/fr\/wp-json\/wp\/v2\/posts"}],"about":[{"href":"https:\/\/www.shincommunication.com\/fr\/wp-json\/wp\/v2\/types\/post"}],"author":[{"embeddable":true,"href":"https:\/\/www.shincommunication.com\/fr\/wp-json\/wp\/v2\/users\/1"}],"replies":[{"embeddable":true,"href":"https:\/\/www.shincommunication.com\/fr\/wp-json\/wp\/v2\/comments?post=5142"}],"version-history":[{"count":1,"href":"https:\/\/www.shincommunication.com\/fr\/wp-json\/wp\/v2\/posts\/5142\/revisions"}],"predecessor-version":[{"id":5145,"href":"https:\/\/www.shincommunication.com\/fr\/wp-json\/wp\/v2\/posts\/5142\/revisions\/5145"}],"wp:attachment":[{"href":"https:\/\/www.shincommunication.com\/fr\/wp-json\/wp\/v2\/media?parent=5142"}],"wp:term":[{"taxonomy":"category","embeddable":true,"href":"https:\/\/www.shincommunication.com\/fr\/wp-json\/wp\/v2\/categories?post=5142"},{"taxonomy":"post_tag","embeddable":true,"href":"https:\/\/www.shincommunication.com\/fr\/wp-json\/wp\/v2\/tags?post=5142"}],"curies":[{"name":"wp","href":"https:\/\/api.w.org\/{rel}","templated":true}]}}