
{"id":3603,"date":"2017-03-17T15:47:23","date_gmt":"2017-03-17T14:47:23","guid":{"rendered":"http:\/\/www.shincommunication.com\/?p=3603"},"modified":"2017-03-17T15:47:23","modified_gmt":"2017-03-17T14:47:23","slug":"ultimi-giorni-per-iscriversi-alla-milano-marathon-2017-con-fondazione-piatti-per-i-ragazzi-con-autismo","status":"publish","type":"post","link":"https:\/\/www.shincommunication.com\/fr\/ultimi-giorni-per-iscriversi-alla-milano-marathon-2017-con-fondazione-piatti-per-i-ragazzi-con-autismo\/","title":{"rendered":"Ultimi giorni per iscriversi alla Milano Marathon 2017 con Fondazione Piatti per i ragazzi con autismo"},"content":{"rendered":"<div style=\"background-repeat: no-repeat;\"><p>Venerd\u00ec 24 \u00a0marzo si chiuderanno le iscrizioni alla <strong>Milano City Marathon<\/strong> del 2 aprile 2017.\u00a0Proprio nella <strong>Giornata Mondiale della Consapevolezza sull\u2019Autismo<\/strong>, l&rsquo;appello della Fondazione Renato Piatti \u00e8: \u201cFatevi in 4 per loro\u201d, ovvero gli ospiti \u00a0della Fondazione con autismo del <a href=\"http:\/\/fondazionepiatti.it\/centri-riabilitativi\/ctrs-di-milano\/\">Centro Terapeutico Riabilitativo Semiresidenziale di Milano<\/a>. Correre alla\u00a0Milano Marathon 2017 per Fondazione Piatti significa sostenere il progetto <strong>\u201cIo Imparo In Cascina\u201d<\/strong> che offre ai nostri giovani con autismo\u00a0la possibilit\u00e0 di \u201clavorare\u201d a Cascina Biblioteca (zona Parco Lambro \u2013 Segrate) prendendosi cura degli animali e della terra.<\/p>\n<p>Sei squadre hanno scelto di correre per la Fondazione Piatti alla <strong>Milano Marathon 2017<\/strong>, partecipa anche tu\u00a0con un team\u00a0di 4 runner!<\/p>\n<p>Per maggiori informazioni:\u00a0http:\/\/fondazionepiatti.it\/2-aprile-2017-fatevi-4-alla-milano-marathon\/<\/p>\n<p><a href=\"http:\/\/www.shincommunication.com\/wp-content\/uploads\/2017\/03\/foto_copertina-300x250.jpg\"><img loading=\"lazy\" decoding=\"async\" class=\"alignnone size-full wp-image-3604\" alt=\"foto_copertina-300x250\" src=\"http:\/\/www.shincommunication.com\/wp-content\/uploads\/2017\/03\/foto_copertina-300x250.jpg\" width=\"300\" height=\"250\" \/><\/a><\/p>\n<\/div><div style=\"padding-bottom:20px; padding-top:10px;\" class=\"hupso-share-buttons\"><!-- Hupso Share Buttons - http:\/\/www.hupso.com\/share\/ --><a class=\"hupso_toolbar\" href=\"http:\/\/www.hupso.com\/share\/\"><img decoding=\"async\" src=\"https:\/\/static.hupso.com\/share\/buttons\/share-small.png\" style=\"border:0px; padding-top:5px; float:left;\" alt=\"Share Button\"\/><\/a><script type=\"text\/javascript\">var hupso_services_t=new Array(\"Twitter\",\"Facebook\",\"Google Plus\",\"Pinterest\",\"Linkedin\",\"StumbleUpon\",\"Digg\",\"Reddit\",\"Bebo\",\"Delicious\");var hupso_background_t=\"#EAF4FF\";var hupso_border_t=\"#66CCFF\";var hupso_toolbar_size_t=\"small\";var hupso_image_folder_url = \"http:\/\/www.shincommunication.com\/wp-content\/plugins\/hupso-share-buttons-for-twitter-facebook-google\/img\/services\/\";var hupso_url_t=\"\";var hupso_title_t=\" Ultimi giorni per iscriversi alla Milano Marathon 2017 con Fondazione Piatti per i ragazzi con autismo\";<\/script><script type=\"text\/javascript\" src=\"https:\/\/static.hupso.com\/share\/js\/share_toolbar.js\"><\/script><!-- Hupso Share Buttons --><\/div>","protected":false},"excerpt":{"rendered":"<p>Venerd\u00ec 24 \u00a0marzo si chiuderanno le iscrizioni alla Milano City Marathon del 2 aprile 2017.\u00a0Proprio nella Giornata Mondiale della Consapevolezza&#8230;<\/p>\n<div style=\"padding-bottom:20px; padding-top:10px;\" class=\"hupso-share-buttons\"><!-- Hupso Share Buttons - http:\/\/www.hupso.com\/share\/ --><a class=\"hupso_toolbar\" href=\"http:\/\/www.hupso.com\/share\/\"><img src=\"https:\/\/static.hupso.com\/share\/buttons\/share-small.png\" style=\"border:0px; padding-top:5px; float:left;\" alt=\"Share Button\"\/><\/a><script type=\"text\/javascript\">var hupso_services_t=new Array(\"Twitter\",\"Facebook\",\"Google Plus\",\"Pinterest\",\"Linkedin\",\"StumbleUpon\",\"Digg\",\"Reddit\",\"Bebo\",\"Delicious\");var hupso_background_t=\"#EAF4FF\";var hupso_border_t=\"#66CCFF\";var hupso_toolbar_size_t=\"small\";var hupso_image_folder_url = \"http:\/\/www.shincommunication.com\/wp-content\/plugins\/hupso-share-buttons-for-twitter-facebook-google\/img\/services\/\";var hupso_url_t=\"\";var hupso_title_t=\" Ultimi giorni per iscriversi alla Milano Marathon 2017 con Fondazione Piatti per i ragazzi con autismo\";<\/script><script type=\"text\/javascript\" src=\"https:\/\/static.hupso.com\/share\/js\/share_toolbar.js\"><\/script><!-- Hupso Share Buttons --><\/div>","protected":false},"author":1,"featured_media":0,"comment_status":"closed","ping_status":"closed","sticky":false,"template":"","format":"standard","meta":{"footnotes":""},"categories":[134,25],"tags":[129,912,911,433],"class_list":["post-3603","post","type-post","status-publish","format-standard","hentry","category-fondazione-piatti","category-comunicati-stampa","tag-fondazione-renato-piatti","tag-giornata-mondiale-della-consapevolezza-sullautismo","tag-maratona","tag-solidarieta"],"yoast_head":"<!-- This site is optimized with the Yoast SEO plugin v25.3.1 - https:\/\/yoast.com\/wordpress\/plugins\/seo\/ -->\n<title>Ultimi giorni per iscriversi alla Milano Marathon 2017 con Fondazione Piatti per i ragazzi con autismo - Shin Communication<\/title>\n<meta name=\"description\" content=\"Giornata Mondiale della Consapevolezza sull\u2019Autismo, l&#039;appello della Fondazione Renato Piatti \u00e8: \u201cFatevi in 4 per loro\u201d, ovvero per i nostri ospiti con autismo del Centro Terapeutico Riabilitativo Semiresidenziale di Milano.\" \/>\n<meta name=\"robots\" content=\"index, follow, max-snippet:-1, max-image-preview:large, max-video-preview:-1\" \/>\n<link rel=\"canonical\" href=\"https:\/\/www.shincommunication.com\/en\/ultimi-giorni-per-iscriversi-alla-milano-marathon-2017-con-fondazione-piatti-per-i-ragazzi-con-autismo\/\" \/>\n<meta property=\"og:locale\" content=\"fr_FR\" \/>\n<meta property=\"og:type\" content=\"article\" \/>\n<meta property=\"og:title\" content=\"Ultimi giorni per iscriversi alla Milano Marathon 2017 con Fondazione Piatti per i ragazzi con autismo - Shin Communication\" \/>\n<meta property=\"og:description\" content=\"Giornata Mondiale della Consapevolezza sull\u2019Autismo, l&#039;appello della Fondazione Renato Piatti \u00e8: \u201cFatevi in 4 per loro\u201d, ovvero per i nostri ospiti con autismo del Centro Terapeutico Riabilitativo Semiresidenziale di Milano.\" \/>\n<meta property=\"og:url\" content=\"https:\/\/www.shincommunication.com\/en\/ultimi-giorni-per-iscriversi-alla-milano-marathon-2017-con-fondazione-piatti-per-i-ragazzi-con-autismo\/\" \/>\n<meta property=\"og:site_name\" content=\"Shin Communication\" \/>\n<meta property=\"article:publisher\" content=\"https:\/\/www.facebook.com\/ShinCommunication\" \/>\n<meta property=\"article:published_time\" content=\"2017-03-17T14:47:23+00:00\" \/>\n<meta property=\"og:image\" content=\"http:\/\/www.shincommunication.com\/wp-content\/uploads\/2017\/03\/foto_copertina-300x250.jpg\" \/>\n<meta name=\"author\" content=\"Shin\" \/>\n<meta name=\"twitter:label1\" content=\"\u00c9crit par\" \/>\n\t<meta name=\"twitter:data1\" content=\"Shin\" \/>\n\t<meta name=\"twitter:label2\" content=\"Dur\u00e9e de lecture estim\u00e9e\" \/>\n\t<meta name=\"twitter:data2\" content=\"1 minute\" \/>\n<script type=\"application\/ld+json\" class=\"yoast-schema-graph\">{\"@context\":\"https:\/\/schema.org\",\"@graph\":[{\"@type\":\"Article\",\"@id\":\"https:\/\/www.shincommunication.com\/en\/ultimi-giorni-per-iscriversi-alla-milano-marathon-2017-con-fondazione-piatti-per-i-ragazzi-con-autismo\/#article\",\"isPartOf\":{\"@id\":\"https:\/\/www.shincommunication.com\/en\/ultimi-giorni-per-iscriversi-alla-milano-marathon-2017-con-fondazione-piatti-per-i-ragazzi-con-autismo\/\"},\"author\":{\"name\":\"Shin\",\"@id\":\"https:\/\/www.shincommunication.com\/#\/schema\/person\/0c181271878e454d6408e519766100ec\"},\"headline\":\"Ultimi giorni per iscriversi alla Milano Marathon 2017 con Fondazione Piatti per i ragazzi con autismo\",\"datePublished\":\"2017-03-17T14:47:23+00:00\",\"mainEntityOfPage\":{\"@id\":\"https:\/\/www.shincommunication.com\/en\/ultimi-giorni-per-iscriversi-alla-milano-marathon-2017-con-fondazione-piatti-per-i-ragazzi-con-autismo\/\"},\"wordCount\":128,\"publisher\":{\"@id\":\"https:\/\/www.shincommunication.com\/#organization\"},\"image\":{\"@id\":\"https:\/\/www.shincommunication.com\/en\/ultimi-giorni-per-iscriversi-alla-milano-marathon-2017-con-fondazione-piatti-per-i-ragazzi-con-autismo\/#primaryimage\"},\"thumbnailUrl\":\"http:\/\/www.shincommunication.com\/wp-content\/uploads\/2017\/03\/foto_copertina-300x250.jpg\",\"keywords\":[\"Fondazione Renato Piatti\",\"Giornata Mondiale della Consapevolezza sull'Autismo\",\"Maratona\",\"solidariet\u00e0\"],\"articleSection\":[\"Fondazione Piatti\",\"Press Area\"],\"inLanguage\":\"fr-FR\"},{\"@type\":\"WebPage\",\"@id\":\"https:\/\/www.shincommunication.com\/en\/ultimi-giorni-per-iscriversi-alla-milano-marathon-2017-con-fondazione-piatti-per-i-ragazzi-con-autismo\/\",\"url\":\"https:\/\/www.shincommunication.com\/en\/ultimi-giorni-per-iscriversi-alla-milano-marathon-2017-con-fondazione-piatti-per-i-ragazzi-con-autismo\/\",\"name\":\"Ultimi giorni per iscriversi alla Milano Marathon 2017 con Fondazione Piatti per i ragazzi con autismo - Shin Communication\",\"isPartOf\":{\"@id\":\"https:\/\/www.shincommunication.com\/#website\"},\"primaryImageOfPage\":{\"@id\":\"https:\/\/www.shincommunication.com\/en\/ultimi-giorni-per-iscriversi-alla-milano-marathon-2017-con-fondazione-piatti-per-i-ragazzi-con-autismo\/#primaryimage\"},\"image\":{\"@id\":\"https:\/\/www.shincommunication.com\/en\/ultimi-giorni-per-iscriversi-alla-milano-marathon-2017-con-fondazione-piatti-per-i-ragazzi-con-autismo\/#primaryimage\"},\"thumbnailUrl\":\"http:\/\/www.shincommunication.com\/wp-content\/uploads\/2017\/03\/foto_copertina-300x250.jpg\",\"datePublished\":\"2017-03-17T14:47:23+00:00\",\"description\":\"Giornata Mondiale della Consapevolezza sull\u2019Autismo, l'appello della Fondazione Renato Piatti \u00e8: \u201cFatevi in 4 per loro\u201d, ovvero per i nostri ospiti con autismo del Centro Terapeutico Riabilitativo Semiresidenziale di Milano.\",\"inLanguage\":\"fr-FR\",\"potentialAction\":[{\"@type\":\"ReadAction\",\"target\":[\"https:\/\/www.shincommunication.com\/en\/ultimi-giorni-per-iscriversi-alla-milano-marathon-2017-con-fondazione-piatti-per-i-ragazzi-con-autismo\/\"]}]},{\"@type\":\"ImageObject\",\"inLanguage\":\"fr-FR\",\"@id\":\"https:\/\/www.shincommunication.com\/en\/ultimi-giorni-per-iscriversi-alla-milano-marathon-2017-con-fondazione-piatti-per-i-ragazzi-con-autismo\/#primaryimage\",\"url\":\"http:\/\/www.shincommunication.com\/wp-content\/uploads\/2017\/03\/foto_copertina-300x250.jpg\",\"contentUrl\":\"http:\/\/www.shincommunication.com\/wp-content\/uploads\/2017\/03\/foto_copertina-300x250.jpg\"},{\"@type\":\"WebSite\",\"@id\":\"https:\/\/www.shincommunication.com\/#website\",\"url\":\"https:\/\/www.shincommunication.com\/\",\"name\":\"Shin Communication\",\"description\":\"Press Relation and more\",\"publisher\":{\"@id\":\"https:\/\/www.shincommunication.com\/#organization\"},\"potentialAction\":[{\"@type\":\"SearchAction\",\"target\":{\"@type\":\"EntryPoint\",\"urlTemplate\":\"https:\/\/www.shincommunication.com\/?s={search_term_string}\"},\"query-input\":{\"@type\":\"PropertyValueSpecification\",\"valueRequired\":true,\"valueName\":\"search_term_string\"}}],\"inLanguage\":\"fr-FR\"},{\"@type\":\"Organization\",\"@id\":\"https:\/\/www.shincommunication.com\/#organization\",\"name\":\"Shin Communication\",\"url\":\"https:\/\/www.shincommunication.com\/\",\"logo\":{\"@type\":\"ImageObject\",\"inLanguage\":\"fr-FR\",\"@id\":\"https:\/\/www.shincommunication.com\/#\/schema\/logo\/image\/\",\"url\":\"https:\/\/www.shincommunication.com\/wp-content\/uploads\/2019\/03\/logo_shin.png\",\"contentUrl\":\"https:\/\/www.shincommunication.com\/wp-content\/uploads\/2019\/03\/logo_shin.png\",\"width\":200,\"height\":200,\"caption\":\"Shin Communication\"},\"image\":{\"@id\":\"https:\/\/www.shincommunication.com\/#\/schema\/logo\/image\/\"},\"sameAs\":[\"https:\/\/www.facebook.com\/ShinCommunication\",\"https:\/\/x.com\/ShinCommunicate\",\"http:\/\/www.linkedin.com\/company\/shin-communication?trk=hb_tab_compy_id_2949876\"]},{\"@type\":\"Person\",\"@id\":\"https:\/\/www.shincommunication.com\/#\/schema\/person\/0c181271878e454d6408e519766100ec\",\"name\":\"Shin\",\"image\":{\"@type\":\"ImageObject\",\"inLanguage\":\"fr-FR\",\"@id\":\"https:\/\/www.shincommunication.com\/#\/schema\/person\/image\/\",\"url\":\"https:\/\/secure.gravatar.com\/avatar\/8312385b498db60711056d1d237fe6de?s=96&d=mm&r=g\",\"contentUrl\":\"https:\/\/secure.gravatar.com\/avatar\/8312385b498db60711056d1d237fe6de?s=96&d=mm&r=g\",\"caption\":\"Shin\"}}]}<\/script>\n<!-- \/ Yoast SEO plugin. -->","yoast_head_json":{"title":"Ultimi giorni per iscriversi alla Milano Marathon 2017 con Fondazione Piatti per i ragazzi con autismo - Shin Communication","description":"Giornata Mondiale della Consapevolezza sull\u2019Autismo, l'appello della Fondazione Renato Piatti \u00e8: \u201cFatevi in 4 per loro\u201d, ovvero per i nostri ospiti con autismo del Centro Terapeutico Riabilitativo Semiresidenziale di Milano.","robots":{"index":"index","follow":"follow","max-snippet":"max-snippet:-1","max-image-preview":"max-image-preview:large","max-video-preview":"max-video-preview:-1"},"canonical":"https:\/\/www.shincommunication.com\/en\/ultimi-giorni-per-iscriversi-alla-milano-marathon-2017-con-fondazione-piatti-per-i-ragazzi-con-autismo\/","og_locale":"fr_FR","og_type":"article","og_title":"Ultimi giorni per iscriversi alla Milano Marathon 2017 con Fondazione Piatti per i ragazzi con autismo - Shin Communication","og_description":"Giornata Mondiale della Consapevolezza sull\u2019Autismo, l'appello della Fondazione Renato Piatti \u00e8: \u201cFatevi in 4 per loro\u201d, ovvero per i nostri ospiti con autismo del Centro Terapeutico Riabilitativo Semiresidenziale di Milano.","og_url":"https:\/\/www.shincommunication.com\/en\/ultimi-giorni-per-iscriversi-alla-milano-marathon-2017-con-fondazione-piatti-per-i-ragazzi-con-autismo\/","og_site_name":"Shin Communication","article_publisher":"https:\/\/www.facebook.com\/ShinCommunication","article_published_time":"2017-03-17T14:47:23+00:00","og_image":[{"url":"http:\/\/www.shincommunication.com\/wp-content\/uploads\/2017\/03\/foto_copertina-300x250.jpg","type":"","width":"","height":""}],"author":"Shin","twitter_misc":{"\u00c9crit par":"Shin","Dur\u00e9e de lecture estim\u00e9e":"1 minute"},"schema":{"@context":"https:\/\/schema.org","@graph":[{"@type":"Article","@id":"https:\/\/www.shincommunication.com\/en\/ultimi-giorni-per-iscriversi-alla-milano-marathon-2017-con-fondazione-piatti-per-i-ragazzi-con-autismo\/#article","isPartOf":{"@id":"https:\/\/www.shincommunication.com\/en\/ultimi-giorni-per-iscriversi-alla-milano-marathon-2017-con-fondazione-piatti-per-i-ragazzi-con-autismo\/"},"author":{"name":"Shin","@id":"https:\/\/www.shincommunication.com\/#\/schema\/person\/0c181271878e454d6408e519766100ec"},"headline":"Ultimi giorni per iscriversi alla Milano Marathon 2017 con Fondazione Piatti per i ragazzi con autismo","datePublished":"2017-03-17T14:47:23+00:00","mainEntityOfPage":{"@id":"https:\/\/www.shincommunication.com\/en\/ultimi-giorni-per-iscriversi-alla-milano-marathon-2017-con-fondazione-piatti-per-i-ragazzi-con-autismo\/"},"wordCount":128,"publisher":{"@id":"https:\/\/www.shincommunication.com\/#organization"},"image":{"@id":"https:\/\/www.shincommunication.com\/en\/ultimi-giorni-per-iscriversi-alla-milano-marathon-2017-con-fondazione-piatti-per-i-ragazzi-con-autismo\/#primaryimage"},"thumbnailUrl":"http:\/\/www.shincommunication.com\/wp-content\/uploads\/2017\/03\/foto_copertina-300x250.jpg","keywords":["Fondazione Renato Piatti","Giornata Mondiale della Consapevolezza sull'Autismo","Maratona","solidariet\u00e0"],"articleSection":["Fondazione Piatti","Press Area"],"inLanguage":"fr-FR"},{"@type":"WebPage","@id":"https:\/\/www.shincommunication.com\/en\/ultimi-giorni-per-iscriversi-alla-milano-marathon-2017-con-fondazione-piatti-per-i-ragazzi-con-autismo\/","url":"https:\/\/www.shincommunication.com\/en\/ultimi-giorni-per-iscriversi-alla-milano-marathon-2017-con-fondazione-piatti-per-i-ragazzi-con-autismo\/","name":"Ultimi giorni per iscriversi alla Milano Marathon 2017 con Fondazione Piatti per i ragazzi con autismo - Shin Communication","isPartOf":{"@id":"https:\/\/www.shincommunication.com\/#website"},"primaryImageOfPage":{"@id":"https:\/\/www.shincommunication.com\/en\/ultimi-giorni-per-iscriversi-alla-milano-marathon-2017-con-fondazione-piatti-per-i-ragazzi-con-autismo\/#primaryimage"},"image":{"@id":"https:\/\/www.shincommunication.com\/en\/ultimi-giorni-per-iscriversi-alla-milano-marathon-2017-con-fondazione-piatti-per-i-ragazzi-con-autismo\/#primaryimage"},"thumbnailUrl":"http:\/\/www.shincommunication.com\/wp-content\/uploads\/2017\/03\/foto_copertina-300x250.jpg","datePublished":"2017-03-17T14:47:23+00:00","description":"Giornata Mondiale della Consapevolezza sull\u2019Autismo, l'appello della Fondazione Renato Piatti \u00e8: \u201cFatevi in 4 per loro\u201d, ovvero per i nostri ospiti con autismo del Centro Terapeutico Riabilitativo Semiresidenziale di Milano.","inLanguage":"fr-FR","potentialAction":[{"@type":"ReadAction","target":["https:\/\/www.shincommunication.com\/en\/ultimi-giorni-per-iscriversi-alla-milano-marathon-2017-con-fondazione-piatti-per-i-ragazzi-con-autismo\/"]}]},{"@type":"ImageObject","inLanguage":"fr-FR","@id":"https:\/\/www.shincommunication.com\/en\/ultimi-giorni-per-iscriversi-alla-milano-marathon-2017-con-fondazione-piatti-per-i-ragazzi-con-autismo\/#primaryimage","url":"http:\/\/www.shincommunication.com\/wp-content\/uploads\/2017\/03\/foto_copertina-300x250.jpg","contentUrl":"http:\/\/www.shincommunication.com\/wp-content\/uploads\/2017\/03\/foto_copertina-300x250.jpg"},{"@type":"WebSite","@id":"https:\/\/www.shincommunication.com\/#website","url":"https:\/\/www.shincommunication.com\/","name":"Shin Communication","description":"Press Relation and more","publisher":{"@id":"https:\/\/www.shincommunication.com\/#organization"},"potentialAction":[{"@type":"SearchAction","target":{"@type":"EntryPoint","urlTemplate":"https:\/\/www.shincommunication.com\/?s={search_term_string}"},"query-input":{"@type":"PropertyValueSpecification","valueRequired":true,"valueName":"search_term_string"}}],"inLanguage":"fr-FR"},{"@type":"Organization","@id":"https:\/\/www.shincommunication.com\/#organization","name":"Shin Communication","url":"https:\/\/www.shincommunication.com\/","logo":{"@type":"ImageObject","inLanguage":"fr-FR","@id":"https:\/\/www.shincommunication.com\/#\/schema\/logo\/image\/","url":"https:\/\/www.shincommunication.com\/wp-content\/uploads\/2019\/03\/logo_shin.png","contentUrl":"https:\/\/www.shincommunication.com\/wp-content\/uploads\/2019\/03\/logo_shin.png","width":200,"height":200,"caption":"Shin Communication"},"image":{"@id":"https:\/\/www.shincommunication.com\/#\/schema\/logo\/image\/"},"sameAs":["https:\/\/www.facebook.com\/ShinCommunication","https:\/\/x.com\/ShinCommunicate","http:\/\/www.linkedin.com\/company\/shin-communication?trk=hb_tab_compy_id_2949876"]},{"@type":"Person","@id":"https:\/\/www.shincommunication.com\/#\/schema\/person\/0c181271878e454d6408e519766100ec","name":"Shin","image":{"@type":"ImageObject","inLanguage":"fr-FR","@id":"https:\/\/www.shincommunication.com\/#\/schema\/person\/image\/","url":"https:\/\/secure.gravatar.com\/avatar\/8312385b498db60711056d1d237fe6de?s=96&d=mm&r=g","contentUrl":"https:\/\/secure.gravatar.com\/avatar\/8312385b498db60711056d1d237fe6de?s=96&d=mm&r=g","caption":"Shin"}}]}},"_links":{"self":[{"href":"https:\/\/www.shincommunication.com\/fr\/wp-json\/wp\/v2\/posts\/3603","targetHints":{"allow":["GET"]}}],"collection":[{"href":"https:\/\/www.shincommunication.com\/fr\/wp-json\/wp\/v2\/posts"}],"about":[{"href":"https:\/\/www.shincommunication.com\/fr\/wp-json\/wp\/v2\/types\/post"}],"author":[{"embeddable":true,"href":"https:\/\/www.shincommunication.com\/fr\/wp-json\/wp\/v2\/users\/1"}],"replies":[{"embeddable":true,"href":"https:\/\/www.shincommunication.com\/fr\/wp-json\/wp\/v2\/comments?post=3603"}],"version-history":[{"count":2,"href":"https:\/\/www.shincommunication.com\/fr\/wp-json\/wp\/v2\/posts\/3603\/revisions"}],"predecessor-version":[{"id":3606,"href":"https:\/\/www.shincommunication.com\/fr\/wp-json\/wp\/v2\/posts\/3603\/revisions\/3606"}],"wp:attachment":[{"href":"https:\/\/www.shincommunication.com\/fr\/wp-json\/wp\/v2\/media?parent=3603"}],"wp:term":[{"taxonomy":"category","embeddable":true,"href":"https:\/\/www.shincommunication.com\/fr\/wp-json\/wp\/v2\/categories?post=3603"},{"taxonomy":"post_tag","embeddable":true,"href":"https:\/\/www.shincommunication.com\/fr\/wp-json\/wp\/v2\/tags?post=3603"}],"curies":[{"name":"wp","href":"https:\/\/api.w.org\/{rel}","templated":true}]}}