
{"id":1894,"date":"2015-01-20T12:06:12","date_gmt":"2015-01-20T11:06:12","guid":{"rendered":"http:\/\/www.shincommunication.com\/?p=1894"},"modified":"2015-01-20T12:06:12","modified_gmt":"2015-01-20T11:06:12","slug":"da-anffas-varese-e-fondazione-piatti-la-tavola-rotonda-la-paura-del-diverso-24-gennaio-e-la-mostra-perche-non-accada-mai-piu-ricordiamo-25-gennaio-8-f","status":"publish","type":"post","link":"https:\/\/www.shincommunication.com\/fr\/da-anffas-varese-e-fondazione-piatti-la-tavola-rotonda-la-paura-del-diverso-24-gennaio-e-la-mostra-perche-non-accada-mai-piu-ricordiamo-25-gennaio-8-f\/","title":{"rendered":"Da Anffas Varese e Fondazione Piatti la tavola rotonda \u201cLa paura del diverso\u201d (24 gennaio) e la mostra \u201cPerch\u00e9 non accada mai pi\u00f9. Ricordiamo\u201d (25 gennaio \u2013 8 febbraio)"},"content":{"rendered":"<div style=\"background-repeat: no-repeat;\"><p>Per celebrare insieme costruttivamente la Giornata della Memoria 2015, Anffas Varese e Fondazione Renato Piatti onlus propongono la tavola rotonda\u00a0su\u00a0\u201cLa paura del diverso: riflessioni su intolleranza e dintorni\u201d\u00a0e la mostra\u00a0dal titolo\u00a0\u201cPerch\u00e9 non accada mai pi\u00f9. Ricordiamo\u201d, con la collaborazione del Comune di Varese, il patrocinio della Provincia di Varese e di Anffas Lombardia onlus, nonch\u00e9 il contributo della Fondazione Comunitaria del Varesotto. Una serie di iniziative per superare visioni parziali e superficiali con un confronto serio sul pensiero e sui comportamenti conseguenti.<\/p>\n<p><a href=\"http:\/\/www.shincommunication.com\/wp-content\/uploads\/2015\/01\/Tavola-rotonda-24-1-2015_resized.jpg\"><img loading=\"lazy\" decoding=\"async\" class=\"alignnone size-medium wp-image-1895\" alt=\"Tavola-rotonda-24-1-2015_resized\" src=\"http:\/\/www.shincommunication.com\/wp-content\/uploads\/2015\/01\/Tavola-rotonda-24-1-2015_resized-296x300.jpg\" width=\"296\" height=\"300\" srcset=\"https:\/\/www.shincommunication.com\/wp-content\/uploads\/2015\/01\/Tavola-rotonda-24-1-2015_resized-296x300.jpg 296w, https:\/\/www.shincommunication.com\/wp-content\/uploads\/2015\/01\/Tavola-rotonda-24-1-2015_resized-1013x1024.jpg 1013w, https:\/\/www.shincommunication.com\/wp-content\/uploads\/2015\/01\/Tavola-rotonda-24-1-2015_resized.jpg 1165w\" sizes=\"auto, (max-width: 296px) 100vw, 296px\" \/><!--more--><\/a><\/p>\n<p>La\u00a0tavola rotonda\u00a0si terr\u00e0\u00a0sabato 24 gennaio 2015\u00a0dalle ore 9 alle ore 13 presso il Salone Estense del Comune di Varese e vi prenderanno parte rappresentanti delle istituzioni locali e della societ\u00e0 civile: Giorgio Rossi, Primario UONPIA Azienda Ospedaliera di Varese;\u00a0Ester Poncato, Direttore ASSI ASL della Provincia di Varese;\u00a0Luigi Macchi, Funzionario Ufficio Scolastico Territoriale di Varese;\u00a0Marco Vanetti, Funzionario Servizi Sociali del Comune di Varese;\u00a0don Ernesto Mandelli, Cappellano Fondazione Molina;\u00a0don Michele Barban, Direttore Centro Gulliver;\u00a0Gianni Spart\u00e0, giornalista; moderatore\u00a0Michele Imperiali, comitato scientifico Anffas onlus, Direttore Generale Fondazione Renato Piatti onlus. Si tratter\u00e0 di\u00a0un momento di riflessione comune su quanto sta accadendo nei nostri tempi, sul tema centrale dell\u2019accoglienza e su come le istituzioni e la cittadinanza hanno affrontato e intendono affrontare i cambiamenti sociali.<\/p>\n<p>La\u00a0mostra\u00a0sar\u00e0 esposta sotto i portici di Palazzo Estense, in concomitanza alla tavola rotonda di sabato 24 gennaio, e sar\u00e0 ufficialmente inaugurata\u00a0domenica 25 gennaio 2015\u00a0alle ore 11 a Villa Recalcati, dove rimarr\u00e0 aperta sino a\u00a0domenica 8 febbraio, tutti i giorni dalle ore 10 alle ore 16.30.\u00a0A latere della mostra \u00e8 stata organizzata la proiezione di \u201cAusmerzen\u201d di Marco Paolini, presso la Sala Montanari, la mattina del 27 gennaio e del 3 febbraio e la sera del 6 febbraio 2015.\u00a0Attraverso immagini d\u2019epoca, si punta a riportare l\u2019attenzione su una parte di storia dolorosa e dimenticata: la soppressione scientifica degli Ausmerzen, i pi\u00f9 deboli, attraverso il programma di sterminio Aktion T4 che assassin\u00f2 300mila persone provenienti da molti paesi, Italia compresa, e classificate come \u201cvite indegne di essere vissute\u201d perch\u00e9 non rientravano nei parametri di \u201dperfezione e produttivit\u00e0\u201d del Terzo Reich.<\/p>\n<p>\u201cL\u2019invito a partecipare \u00e8 stato rivolto a tutta la cittadinanza con un occhio di riguardo ai giovani che abbiamo coinvolto [\u2026] anche nella progettazione e nella realizzazione del materiale promozionale e della scenografia della mostra; alcuni eventi saranno vivacizzati dalla diretta partecipazione degli studenti.\u201d spiega\u00a0Paolo Bano,\u00a0Presidente di Anffas onlus di Varese. \u201cProponendo questa mostra vogliamo anche onorare la memoria di quelle vittime innocenti e stimolare una riflessione sulle motivazioni culturali, scientifiche, politiche ed economiche che portarono a quello sterminio. Perch\u00e9 non accada mai pi\u00f9\u201d, sottolinea\u00a0Cesarina Del Vecchio,\u00a0Presidente di Fondazione Renato Piatti onlus.<\/p>\n<p>Per ulteriori informazioni e iscriversi online all\u2019evento: <a href=\"http:\/\/fondazionepiatti.it\/da-anffas-varese-e-fondazione-piatti-la-tavola-rotonda-la-paura-del-diverso-24-gennaio-e-la-mostra-perche-non-accada-mai-piu-ricordiamo-25-gennaio-8-f\/\">Fondazione Renato Piatti onlus<\/a><\/p>\n<\/div><div style=\"padding-bottom:20px; padding-top:10px;\" class=\"hupso-share-buttons\"><!-- Hupso Share Buttons - http:\/\/www.hupso.com\/share\/ --><a class=\"hupso_toolbar\" href=\"http:\/\/www.hupso.com\/share\/\"><img decoding=\"async\" src=\"https:\/\/static.hupso.com\/share\/buttons\/share-small.png\" style=\"border:0px; padding-top:5px; float:left;\" alt=\"Share Button\"\/><\/a><script type=\"text\/javascript\">var hupso_services_t=new Array(\"Twitter\",\"Facebook\",\"Google Plus\",\"Pinterest\",\"Linkedin\",\"StumbleUpon\",\"Digg\",\"Reddit\",\"Bebo\",\"Delicious\");var hupso_background_t=\"#EAF4FF\";var hupso_border_t=\"#66CCFF\";var hupso_toolbar_size_t=\"small\";var hupso_image_folder_url = \"http:\/\/www.shincommunication.com\/wp-content\/plugins\/hupso-share-buttons-for-twitter-facebook-google\/img\/services\/\";var hupso_url_t=\"\";var hupso_title_t=\"Da Anffas Varese e Fondazione Piatti la tavola rotonda \u201cLa paura del diverso\u201d (24 gennaio) e la mostra \u201cPerch\u00e9 non accada mai pi\u00f9. Ricordiamo\u201d (25 gennaio \u2013 8 febbraio)\";<\/script><script type=\"text\/javascript\" src=\"https:\/\/static.hupso.com\/share\/js\/share_toolbar.js\"><\/script><!-- Hupso Share Buttons --><\/div>","protected":false},"excerpt":{"rendered":"<p>Per celebrare insieme costruttivamente la Giornata della Memoria 2015, Anffas Varese e Fondazione Renato Piatti onlus propongono la tavola rotonda\u00a0su\u00a0\u201cLa&#8230;<\/p>\n<div style=\"padding-bottom:20px; padding-top:10px;\" class=\"hupso-share-buttons\"><!-- Hupso Share Buttons - http:\/\/www.hupso.com\/share\/ --><a class=\"hupso_toolbar\" href=\"http:\/\/www.hupso.com\/share\/\"><img src=\"https:\/\/static.hupso.com\/share\/buttons\/share-small.png\" style=\"border:0px; padding-top:5px; float:left;\" alt=\"Share Button\"\/><\/a><script type=\"text\/javascript\">var hupso_services_t=new Array(\"Twitter\",\"Facebook\",\"Google Plus\",\"Pinterest\",\"Linkedin\",\"StumbleUpon\",\"Digg\",\"Reddit\",\"Bebo\",\"Delicious\");var hupso_background_t=\"#EAF4FF\";var hupso_border_t=\"#66CCFF\";var hupso_toolbar_size_t=\"small\";var hupso_image_folder_url = \"http:\/\/www.shincommunication.com\/wp-content\/plugins\/hupso-share-buttons-for-twitter-facebook-google\/img\/services\/\";var hupso_url_t=\"\";var hupso_title_t=\"Da Anffas Varese e Fondazione Piatti la tavola rotonda \u201cLa paura del diverso\u201d (24 gennaio) e la mostra \u201cPerch\u00e9 non accada mai pi\u00f9. Ricordiamo\u201d (25 gennaio \u2013 8 febbraio)\";<\/script><script type=\"text\/javascript\" src=\"https:\/\/static.hupso.com\/share\/js\/share_toolbar.js\"><\/script><!-- Hupso Share Buttons --><\/div>","protected":false},"author":1,"featured_media":0,"comment_status":"closed","ping_status":"closed","sticky":false,"template":"","format":"standard","meta":{"footnotes":""},"categories":[134,25],"tags":[182,1622,433],"class_list":["post-1894","post","type-post","status-publish","format-standard","hentry","category-fondazione-piatti","category-comunicati-stampa","tag-eventi","tag-fondazione-piatti","tag-solidarieta"],"yoast_head":"<!-- This site is optimized with the Yoast SEO plugin v25.3.1 - https:\/\/yoast.com\/wordpress\/plugins\/seo\/ -->\n<title>Da Anffas Varese e Fondazione Piatti la tavola rotonda \u201cLa paura del diverso\u201d (24 gennaio) e la mostra \u201cPerch\u00e9 non accada mai pi\u00f9. Ricordiamo\u201d (25 gennaio \u2013 8 febbraio) - Shin Communication<\/title>\n<meta name=\"description\" content=\"Anffas Varese e Fondazione Renato Piatti onlus propongono la tavola rotonda su \u201cLa paura del diverso: riflessioni su intolleranza e dintorni\u201d e la mostra dal titolo \u201cPerch\u00e9 non accada mai pi\u00f9. Ricordiamo\u201d\" \/>\n<meta name=\"robots\" content=\"index, follow, max-snippet:-1, max-image-preview:large, max-video-preview:-1\" \/>\n<link rel=\"canonical\" href=\"https:\/\/www.shincommunication.com\/en\/da-anffas-varese-e-fondazione-piatti-la-tavola-rotonda-la-paura-del-diverso-24-gennaio-e-la-mostra-perche-non-accada-mai-piu-ricordiamo-25-gennaio-8-f\/\" \/>\n<meta property=\"og:locale\" content=\"fr_FR\" \/>\n<meta property=\"og:type\" content=\"article\" \/>\n<meta property=\"og:title\" content=\"Da Anffas Varese e Fondazione Piatti la tavola rotonda \u201cLa paura del diverso\u201d (24 gennaio) e la mostra \u201cPerch\u00e9 non accada mai pi\u00f9. Ricordiamo\u201d (25 gennaio \u2013 8 febbraio) - Shin Communication\" \/>\n<meta property=\"og:description\" content=\"Anffas Varese e Fondazione Renato Piatti onlus propongono la tavola rotonda su \u201cLa paura del diverso: riflessioni su intolleranza e dintorni\u201d e la mostra dal titolo \u201cPerch\u00e9 non accada mai pi\u00f9. Ricordiamo\u201d\" \/>\n<meta property=\"og:url\" content=\"https:\/\/www.shincommunication.com\/en\/da-anffas-varese-e-fondazione-piatti-la-tavola-rotonda-la-paura-del-diverso-24-gennaio-e-la-mostra-perche-non-accada-mai-piu-ricordiamo-25-gennaio-8-f\/\" \/>\n<meta property=\"og:site_name\" content=\"Shin Communication\" \/>\n<meta property=\"article:publisher\" content=\"https:\/\/www.facebook.com\/ShinCommunication\" \/>\n<meta property=\"article:published_time\" content=\"2015-01-20T11:06:12+00:00\" \/>\n<meta property=\"og:image\" content=\"http:\/\/www.shincommunication.com\/wp-content\/uploads\/2015\/01\/Tavola-rotonda-24-1-2015_resized-296x300.jpg\" \/>\n<meta name=\"author\" content=\"Shin\" \/>\n<meta name=\"twitter:label1\" content=\"\u00c9crit par\" \/>\n\t<meta name=\"twitter:data1\" content=\"Shin\" \/>\n\t<meta name=\"twitter:label2\" content=\"Dur\u00e9e de lecture estim\u00e9e\" \/>\n\t<meta name=\"twitter:data2\" content=\"2 minutes\" \/>\n<script type=\"application\/ld+json\" class=\"yoast-schema-graph\">{\"@context\":\"https:\/\/schema.org\",\"@graph\":[{\"@type\":\"Article\",\"@id\":\"https:\/\/www.shincommunication.com\/en\/da-anffas-varese-e-fondazione-piatti-la-tavola-rotonda-la-paura-del-diverso-24-gennaio-e-la-mostra-perche-non-accada-mai-piu-ricordiamo-25-gennaio-8-f\/#article\",\"isPartOf\":{\"@id\":\"https:\/\/www.shincommunication.com\/en\/da-anffas-varese-e-fondazione-piatti-la-tavola-rotonda-la-paura-del-diverso-24-gennaio-e-la-mostra-perche-non-accada-mai-piu-ricordiamo-25-gennaio-8-f\/\"},\"author\":{\"name\":\"Shin\",\"@id\":\"https:\/\/www.shincommunication.com\/#\/schema\/person\/0c181271878e454d6408e519766100ec\"},\"headline\":\"Da Anffas Varese e Fondazione Piatti la tavola rotonda \u201cLa paura del diverso\u201d (24 gennaio) e la mostra \u201cPerch\u00e9 non accada mai pi\u00f9. Ricordiamo\u201d (25 gennaio \u2013 8 febbraio)\",\"datePublished\":\"2015-01-20T11:06:12+00:00\",\"mainEntityOfPage\":{\"@id\":\"https:\/\/www.shincommunication.com\/en\/da-anffas-varese-e-fondazione-piatti-la-tavola-rotonda-la-paura-del-diverso-24-gennaio-e-la-mostra-perche-non-accada-mai-piu-ricordiamo-25-gennaio-8-f\/\"},\"wordCount\":482,\"publisher\":{\"@id\":\"https:\/\/www.shincommunication.com\/#organization\"},\"image\":{\"@id\":\"https:\/\/www.shincommunication.com\/en\/da-anffas-varese-e-fondazione-piatti-la-tavola-rotonda-la-paura-del-diverso-24-gennaio-e-la-mostra-perche-non-accada-mai-piu-ricordiamo-25-gennaio-8-f\/#primaryimage\"},\"thumbnailUrl\":\"http:\/\/www.shincommunication.com\/wp-content\/uploads\/2015\/01\/Tavola-rotonda-24-1-2015_resized-296x300.jpg\",\"keywords\":[\"eventi\",\"Fondazione Piatti\",\"solidariet\u00e0\"],\"articleSection\":[\"Fondazione Piatti\",\"Press Area\"],\"inLanguage\":\"fr-FR\"},{\"@type\":\"WebPage\",\"@id\":\"https:\/\/www.shincommunication.com\/en\/da-anffas-varese-e-fondazione-piatti-la-tavola-rotonda-la-paura-del-diverso-24-gennaio-e-la-mostra-perche-non-accada-mai-piu-ricordiamo-25-gennaio-8-f\/\",\"url\":\"https:\/\/www.shincommunication.com\/en\/da-anffas-varese-e-fondazione-piatti-la-tavola-rotonda-la-paura-del-diverso-24-gennaio-e-la-mostra-perche-non-accada-mai-piu-ricordiamo-25-gennaio-8-f\/\",\"name\":\"Da Anffas Varese e Fondazione Piatti la tavola rotonda \u201cLa paura del diverso\u201d (24 gennaio) e la mostra \u201cPerch\u00e9 non accada mai pi\u00f9. Ricordiamo\u201d (25 gennaio \u2013 8 febbraio) - Shin Communication\",\"isPartOf\":{\"@id\":\"https:\/\/www.shincommunication.com\/#website\"},\"primaryImageOfPage\":{\"@id\":\"https:\/\/www.shincommunication.com\/en\/da-anffas-varese-e-fondazione-piatti-la-tavola-rotonda-la-paura-del-diverso-24-gennaio-e-la-mostra-perche-non-accada-mai-piu-ricordiamo-25-gennaio-8-f\/#primaryimage\"},\"image\":{\"@id\":\"https:\/\/www.shincommunication.com\/en\/da-anffas-varese-e-fondazione-piatti-la-tavola-rotonda-la-paura-del-diverso-24-gennaio-e-la-mostra-perche-non-accada-mai-piu-ricordiamo-25-gennaio-8-f\/#primaryimage\"},\"thumbnailUrl\":\"http:\/\/www.shincommunication.com\/wp-content\/uploads\/2015\/01\/Tavola-rotonda-24-1-2015_resized-296x300.jpg\",\"datePublished\":\"2015-01-20T11:06:12+00:00\",\"description\":\"Anffas Varese e Fondazione Renato Piatti onlus propongono la tavola rotonda su \u201cLa paura del diverso: riflessioni su intolleranza e dintorni\u201d e la mostra dal titolo \u201cPerch\u00e9 non accada mai pi\u00f9. Ricordiamo\u201d\",\"inLanguage\":\"fr-FR\",\"potentialAction\":[{\"@type\":\"ReadAction\",\"target\":[\"https:\/\/www.shincommunication.com\/en\/da-anffas-varese-e-fondazione-piatti-la-tavola-rotonda-la-paura-del-diverso-24-gennaio-e-la-mostra-perche-non-accada-mai-piu-ricordiamo-25-gennaio-8-f\/\"]}]},{\"@type\":\"ImageObject\",\"inLanguage\":\"fr-FR\",\"@id\":\"https:\/\/www.shincommunication.com\/en\/da-anffas-varese-e-fondazione-piatti-la-tavola-rotonda-la-paura-del-diverso-24-gennaio-e-la-mostra-perche-non-accada-mai-piu-ricordiamo-25-gennaio-8-f\/#primaryimage\",\"url\":\"http:\/\/www.shincommunication.com\/wp-content\/uploads\/2015\/01\/Tavola-rotonda-24-1-2015_resized-296x300.jpg\",\"contentUrl\":\"http:\/\/www.shincommunication.com\/wp-content\/uploads\/2015\/01\/Tavola-rotonda-24-1-2015_resized-296x300.jpg\"},{\"@type\":\"WebSite\",\"@id\":\"https:\/\/www.shincommunication.com\/#website\",\"url\":\"https:\/\/www.shincommunication.com\/\",\"name\":\"Shin Communication\",\"description\":\"Press Relation and more\",\"publisher\":{\"@id\":\"https:\/\/www.shincommunication.com\/#organization\"},\"potentialAction\":[{\"@type\":\"SearchAction\",\"target\":{\"@type\":\"EntryPoint\",\"urlTemplate\":\"https:\/\/www.shincommunication.com\/?s={search_term_string}\"},\"query-input\":{\"@type\":\"PropertyValueSpecification\",\"valueRequired\":true,\"valueName\":\"search_term_string\"}}],\"inLanguage\":\"fr-FR\"},{\"@type\":\"Organization\",\"@id\":\"https:\/\/www.shincommunication.com\/#organization\",\"name\":\"Shin Communication\",\"url\":\"https:\/\/www.shincommunication.com\/\",\"logo\":{\"@type\":\"ImageObject\",\"inLanguage\":\"fr-FR\",\"@id\":\"https:\/\/www.shincommunication.com\/#\/schema\/logo\/image\/\",\"url\":\"https:\/\/www.shincommunication.com\/wp-content\/uploads\/2019\/03\/logo_shin.png\",\"contentUrl\":\"https:\/\/www.shincommunication.com\/wp-content\/uploads\/2019\/03\/logo_shin.png\",\"width\":200,\"height\":200,\"caption\":\"Shin Communication\"},\"image\":{\"@id\":\"https:\/\/www.shincommunication.com\/#\/schema\/logo\/image\/\"},\"sameAs\":[\"https:\/\/www.facebook.com\/ShinCommunication\",\"https:\/\/x.com\/ShinCommunicate\",\"http:\/\/www.linkedin.com\/company\/shin-communication?trk=hb_tab_compy_id_2949876\"]},{\"@type\":\"Person\",\"@id\":\"https:\/\/www.shincommunication.com\/#\/schema\/person\/0c181271878e454d6408e519766100ec\",\"name\":\"Shin\",\"image\":{\"@type\":\"ImageObject\",\"inLanguage\":\"fr-FR\",\"@id\":\"https:\/\/www.shincommunication.com\/#\/schema\/person\/image\/\",\"url\":\"https:\/\/secure.gravatar.com\/avatar\/8312385b498db60711056d1d237fe6de?s=96&d=mm&r=g\",\"contentUrl\":\"https:\/\/secure.gravatar.com\/avatar\/8312385b498db60711056d1d237fe6de?s=96&d=mm&r=g\",\"caption\":\"Shin\"}}]}<\/script>\n<!-- \/ Yoast SEO plugin. -->","yoast_head_json":{"title":"Da Anffas Varese e Fondazione Piatti la tavola rotonda \u201cLa paura del diverso\u201d (24 gennaio) e la mostra \u201cPerch\u00e9 non accada mai pi\u00f9. Ricordiamo\u201d (25 gennaio \u2013 8 febbraio) - Shin Communication","description":"Anffas Varese e Fondazione Renato Piatti onlus propongono la tavola rotonda su \u201cLa paura del diverso: riflessioni su intolleranza e dintorni\u201d e la mostra dal titolo \u201cPerch\u00e9 non accada mai pi\u00f9. Ricordiamo\u201d","robots":{"index":"index","follow":"follow","max-snippet":"max-snippet:-1","max-image-preview":"max-image-preview:large","max-video-preview":"max-video-preview:-1"},"canonical":"https:\/\/www.shincommunication.com\/en\/da-anffas-varese-e-fondazione-piatti-la-tavola-rotonda-la-paura-del-diverso-24-gennaio-e-la-mostra-perche-non-accada-mai-piu-ricordiamo-25-gennaio-8-f\/","og_locale":"fr_FR","og_type":"article","og_title":"Da Anffas Varese e Fondazione Piatti la tavola rotonda \u201cLa paura del diverso\u201d (24 gennaio) e la mostra \u201cPerch\u00e9 non accada mai pi\u00f9. Ricordiamo\u201d (25 gennaio \u2013 8 febbraio) - Shin Communication","og_description":"Anffas Varese e Fondazione Renato Piatti onlus propongono la tavola rotonda su \u201cLa paura del diverso: riflessioni su intolleranza e dintorni\u201d e la mostra dal titolo \u201cPerch\u00e9 non accada mai pi\u00f9. Ricordiamo\u201d","og_url":"https:\/\/www.shincommunication.com\/en\/da-anffas-varese-e-fondazione-piatti-la-tavola-rotonda-la-paura-del-diverso-24-gennaio-e-la-mostra-perche-non-accada-mai-piu-ricordiamo-25-gennaio-8-f\/","og_site_name":"Shin Communication","article_publisher":"https:\/\/www.facebook.com\/ShinCommunication","article_published_time":"2015-01-20T11:06:12+00:00","og_image":[{"url":"http:\/\/www.shincommunication.com\/wp-content\/uploads\/2015\/01\/Tavola-rotonda-24-1-2015_resized-296x300.jpg","type":"","width":"","height":""}],"author":"Shin","twitter_misc":{"\u00c9crit par":"Shin","Dur\u00e9e de lecture estim\u00e9e":"2 minutes"},"schema":{"@context":"https:\/\/schema.org","@graph":[{"@type":"Article","@id":"https:\/\/www.shincommunication.com\/en\/da-anffas-varese-e-fondazione-piatti-la-tavola-rotonda-la-paura-del-diverso-24-gennaio-e-la-mostra-perche-non-accada-mai-piu-ricordiamo-25-gennaio-8-f\/#article","isPartOf":{"@id":"https:\/\/www.shincommunication.com\/en\/da-anffas-varese-e-fondazione-piatti-la-tavola-rotonda-la-paura-del-diverso-24-gennaio-e-la-mostra-perche-non-accada-mai-piu-ricordiamo-25-gennaio-8-f\/"},"author":{"name":"Shin","@id":"https:\/\/www.shincommunication.com\/#\/schema\/person\/0c181271878e454d6408e519766100ec"},"headline":"Da Anffas Varese e Fondazione Piatti la tavola rotonda \u201cLa paura del diverso\u201d (24 gennaio) e la mostra \u201cPerch\u00e9 non accada mai pi\u00f9. Ricordiamo\u201d (25 gennaio \u2013 8 febbraio)","datePublished":"2015-01-20T11:06:12+00:00","mainEntityOfPage":{"@id":"https:\/\/www.shincommunication.com\/en\/da-anffas-varese-e-fondazione-piatti-la-tavola-rotonda-la-paura-del-diverso-24-gennaio-e-la-mostra-perche-non-accada-mai-piu-ricordiamo-25-gennaio-8-f\/"},"wordCount":482,"publisher":{"@id":"https:\/\/www.shincommunication.com\/#organization"},"image":{"@id":"https:\/\/www.shincommunication.com\/en\/da-anffas-varese-e-fondazione-piatti-la-tavola-rotonda-la-paura-del-diverso-24-gennaio-e-la-mostra-perche-non-accada-mai-piu-ricordiamo-25-gennaio-8-f\/#primaryimage"},"thumbnailUrl":"http:\/\/www.shincommunication.com\/wp-content\/uploads\/2015\/01\/Tavola-rotonda-24-1-2015_resized-296x300.jpg","keywords":["eventi","Fondazione Piatti","solidariet\u00e0"],"articleSection":["Fondazione Piatti","Press Area"],"inLanguage":"fr-FR"},{"@type":"WebPage","@id":"https:\/\/www.shincommunication.com\/en\/da-anffas-varese-e-fondazione-piatti-la-tavola-rotonda-la-paura-del-diverso-24-gennaio-e-la-mostra-perche-non-accada-mai-piu-ricordiamo-25-gennaio-8-f\/","url":"https:\/\/www.shincommunication.com\/en\/da-anffas-varese-e-fondazione-piatti-la-tavola-rotonda-la-paura-del-diverso-24-gennaio-e-la-mostra-perche-non-accada-mai-piu-ricordiamo-25-gennaio-8-f\/","name":"Da Anffas Varese e Fondazione Piatti la tavola rotonda \u201cLa paura del diverso\u201d (24 gennaio) e la mostra \u201cPerch\u00e9 non accada mai pi\u00f9. Ricordiamo\u201d (25 gennaio \u2013 8 febbraio) - Shin Communication","isPartOf":{"@id":"https:\/\/www.shincommunication.com\/#website"},"primaryImageOfPage":{"@id":"https:\/\/www.shincommunication.com\/en\/da-anffas-varese-e-fondazione-piatti-la-tavola-rotonda-la-paura-del-diverso-24-gennaio-e-la-mostra-perche-non-accada-mai-piu-ricordiamo-25-gennaio-8-f\/#primaryimage"},"image":{"@id":"https:\/\/www.shincommunication.com\/en\/da-anffas-varese-e-fondazione-piatti-la-tavola-rotonda-la-paura-del-diverso-24-gennaio-e-la-mostra-perche-non-accada-mai-piu-ricordiamo-25-gennaio-8-f\/#primaryimage"},"thumbnailUrl":"http:\/\/www.shincommunication.com\/wp-content\/uploads\/2015\/01\/Tavola-rotonda-24-1-2015_resized-296x300.jpg","datePublished":"2015-01-20T11:06:12+00:00","description":"Anffas Varese e Fondazione Renato Piatti onlus propongono la tavola rotonda su \u201cLa paura del diverso: riflessioni su intolleranza e dintorni\u201d e la mostra dal titolo \u201cPerch\u00e9 non accada mai pi\u00f9. Ricordiamo\u201d","inLanguage":"fr-FR","potentialAction":[{"@type":"ReadAction","target":["https:\/\/www.shincommunication.com\/en\/da-anffas-varese-e-fondazione-piatti-la-tavola-rotonda-la-paura-del-diverso-24-gennaio-e-la-mostra-perche-non-accada-mai-piu-ricordiamo-25-gennaio-8-f\/"]}]},{"@type":"ImageObject","inLanguage":"fr-FR","@id":"https:\/\/www.shincommunication.com\/en\/da-anffas-varese-e-fondazione-piatti-la-tavola-rotonda-la-paura-del-diverso-24-gennaio-e-la-mostra-perche-non-accada-mai-piu-ricordiamo-25-gennaio-8-f\/#primaryimage","url":"http:\/\/www.shincommunication.com\/wp-content\/uploads\/2015\/01\/Tavola-rotonda-24-1-2015_resized-296x300.jpg","contentUrl":"http:\/\/www.shincommunication.com\/wp-content\/uploads\/2015\/01\/Tavola-rotonda-24-1-2015_resized-296x300.jpg"},{"@type":"WebSite","@id":"https:\/\/www.shincommunication.com\/#website","url":"https:\/\/www.shincommunication.com\/","name":"Shin Communication","description":"Press Relation and more","publisher":{"@id":"https:\/\/www.shincommunication.com\/#organization"},"potentialAction":[{"@type":"SearchAction","target":{"@type":"EntryPoint","urlTemplate":"https:\/\/www.shincommunication.com\/?s={search_term_string}"},"query-input":{"@type":"PropertyValueSpecification","valueRequired":true,"valueName":"search_term_string"}}],"inLanguage":"fr-FR"},{"@type":"Organization","@id":"https:\/\/www.shincommunication.com\/#organization","name":"Shin Communication","url":"https:\/\/www.shincommunication.com\/","logo":{"@type":"ImageObject","inLanguage":"fr-FR","@id":"https:\/\/www.shincommunication.com\/#\/schema\/logo\/image\/","url":"https:\/\/www.shincommunication.com\/wp-content\/uploads\/2019\/03\/logo_shin.png","contentUrl":"https:\/\/www.shincommunication.com\/wp-content\/uploads\/2019\/03\/logo_shin.png","width":200,"height":200,"caption":"Shin Communication"},"image":{"@id":"https:\/\/www.shincommunication.com\/#\/schema\/logo\/image\/"},"sameAs":["https:\/\/www.facebook.com\/ShinCommunication","https:\/\/x.com\/ShinCommunicate","http:\/\/www.linkedin.com\/company\/shin-communication?trk=hb_tab_compy_id_2949876"]},{"@type":"Person","@id":"https:\/\/www.shincommunication.com\/#\/schema\/person\/0c181271878e454d6408e519766100ec","name":"Shin","image":{"@type":"ImageObject","inLanguage":"fr-FR","@id":"https:\/\/www.shincommunication.com\/#\/schema\/person\/image\/","url":"https:\/\/secure.gravatar.com\/avatar\/8312385b498db60711056d1d237fe6de?s=96&d=mm&r=g","contentUrl":"https:\/\/secure.gravatar.com\/avatar\/8312385b498db60711056d1d237fe6de?s=96&d=mm&r=g","caption":"Shin"}}]}},"_links":{"self":[{"href":"https:\/\/www.shincommunication.com\/fr\/wp-json\/wp\/v2\/posts\/1894","targetHints":{"allow":["GET"]}}],"collection":[{"href":"https:\/\/www.shincommunication.com\/fr\/wp-json\/wp\/v2\/posts"}],"about":[{"href":"https:\/\/www.shincommunication.com\/fr\/wp-json\/wp\/v2\/types\/post"}],"author":[{"embeddable":true,"href":"https:\/\/www.shincommunication.com\/fr\/wp-json\/wp\/v2\/users\/1"}],"replies":[{"embeddable":true,"href":"https:\/\/www.shincommunication.com\/fr\/wp-json\/wp\/v2\/comments?post=1894"}],"version-history":[{"count":1,"href":"https:\/\/www.shincommunication.com\/fr\/wp-json\/wp\/v2\/posts\/1894\/revisions"}],"predecessor-version":[{"id":1896,"href":"https:\/\/www.shincommunication.com\/fr\/wp-json\/wp\/v2\/posts\/1894\/revisions\/1896"}],"wp:attachment":[{"href":"https:\/\/www.shincommunication.com\/fr\/wp-json\/wp\/v2\/media?parent=1894"}],"wp:term":[{"taxonomy":"category","embeddable":true,"href":"https:\/\/www.shincommunication.com\/fr\/wp-json\/wp\/v2\/categories?post=1894"},{"taxonomy":"post_tag","embeddable":true,"href":"https:\/\/www.shincommunication.com\/fr\/wp-json\/wp\/v2\/tags?post=1894"}],"curies":[{"name":"wp","href":"https:\/\/api.w.org\/{rel}","templated":true}]}}