
{"id":1530,"date":"2014-06-18T17:00:27","date_gmt":"2014-06-18T15:00:27","guid":{"rendered":"http:\/\/www.shincommunication.com\/?p=1530"},"modified":"2014-06-18T17:04:30","modified_gmt":"2014-06-18T15:04:30","slug":"prima-candelina-per-il-centro-autismo-ctrs-di-fondazione-piatti-a-milano","status":"publish","type":"post","link":"https:\/\/www.shincommunication.com\/fr\/prima-candelina-per-il-centro-autismo-ctrs-di-fondazione-piatti-a-milano\/","title":{"rendered":"Prima candelina per il Centro Autismo (CTRS) di Fondazione Piatti a Milano"},"content":{"rendered":"<div style=\"background-repeat: no-repeat;\"><p><em><strong>Un anno fa l&rsquo;open day della struttura, oggi accoglie 39 bambini<\/strong><\/em><\/p>\n<p>Un anno fa Fondazione Piatti ha ufficialmente aperto al pubblico il CTRS di Milano, con un open day a cui hanno preso parte oltre 250 persone. Allora venivano presentati gli ambienti del Centro, nuovissimi, con l&rsquo;entusiasmo e l&rsquo;attesa per i bambini che presto sarebbero arrivati a popolare quegli spazi, rendendo il centro \u00ab\u00a0vivo\u00a0\u00bb. E i bambini sono arrivati: oggi il CTRS di Milano accoglie 39 bambini con autismo e disturbi pervasivi dello sviluppo. \u00ab\u00a0L&rsquo;ultimo \u00e8 arrivato proprio oggi\u00a0\u00bb informa Paolo Aliata, Responsabile della struttura.<\/p>\n<p>Il bambino pi\u00f9 piccolo si chiama Alessio: ha poco pi\u00f9 di 2 anni, compiuti alla fine dello scorso mese.<\/p>\n<p><a title=\"Fondazione Piatti spegne la prima candelina\" href=\"http:\/\/www.shincommunication.com\/wp-content\/uploads\/2014\/06\/14264717977_98f048f199.jpg\"><img loading=\"lazy\" decoding=\"async\" class=\"alignnone size-medium wp-image-1531\" alt=\"14264717977_98f048f199\" src=\"http:\/\/www.shincommunication.com\/wp-content\/uploads\/2014\/06\/14264717977_98f048f199-300x231.jpg\" width=\"300\" height=\"231\" srcset=\"https:\/\/www.shincommunication.com\/wp-content\/uploads\/2014\/06\/14264717977_98f048f199-300x231.jpg 300w, https:\/\/www.shincommunication.com\/wp-content\/uploads\/2014\/06\/14264717977_98f048f199.jpg 500w\" sizes=\"auto, (max-width: 300px) 100vw, 300px\" \/><\/a><\/p>\n<p><!--more--><\/p>\n<p><strong>L&rsquo;\u00e9quipe del CTRS di Milano<\/strong><br \/>\nA prendersi cura di loro c&rsquo;\u00e8 un&rsquo;\u00e9quipe di specialisti, composta da: un responsabile di struttura, un responsabile sanitario, due neurospichiatri, quattro educatori professionali, un terapista occupazionale, una riabilitatrice psichiatrica, una logopedista ed una psicomotricista, un custode, una figura amministrativa, accompagnati da tirocinanti e volontari.<\/p>\n<p><strong>Le piscine e il progetto AutismH2O<\/strong><br \/>\nDa marzo 2014 \u00e8 operativa anche l&rsquo;area \u00ab\u00a0piscine\u00a0\u00bb, grazie al contributo di Fondazione Umana Mente del gruppo Allianz Spa, in favore del progetto AutismH2O: un programma di attivit\u00e0 in acqua aperto non solo ai bambini con autismo e disturbi pervasivi dello sviluppo che vengono seguiti nel CTRS di Milano, ma anche ad altri minori del territorio.<\/p>\n<p><strong>L&rsquo;augurio di Paolo Aliata, Responsabile della struttura<\/strong><br \/>\n\u00ab\u00a0Oggi sentiamo il bisogno di dirci \u00ab\u00a0buon compleanno\u00a0\u00bb e fare e farci gli auguri a chi sta rendendo possibile questo viaggio, cio\u00e8 a tutti tutti, da vicino e da lontano, anche a chi \u00e8 sceso dalla nave e a chi tra poco lo far\u00e0, per iniziare altri viaggi. Il mare non si lascia tracciare, ma sta a noi \u00ab\u00a0segnare\u00a0\u00bb nella mente e nel cuore i momenti importanti, come quelli che ricordano una nascita, sapendo che \u00ab\u00a0il pi\u00f9 bello dei mari \u00e8 quello che non abbiamo ancora navigato\u00a0\u00bb \u00a0\u00bb<\/p>\n<p><strong>Per saperne di pi\u00f9<\/strong><br \/>\nVisita il sito <a title=\"Fondazione Piatti\" href=\"http:\/\/fondazionepiatti.it\/un-anno-fa-lopen-day-del-ctrs-di-milano-oggi-accogliamo-39-bambini\/\">fondazionepiatti.it\/<\/a><\/p>\n<\/div><div style=\"padding-bottom:20px; padding-top:10px;\" class=\"hupso-share-buttons\"><!-- Hupso Share Buttons - http:\/\/www.hupso.com\/share\/ --><a class=\"hupso_toolbar\" href=\"http:\/\/www.hupso.com\/share\/\"><img decoding=\"async\" src=\"https:\/\/static.hupso.com\/share\/buttons\/share-small.png\" style=\"border:0px; padding-top:5px; float:left;\" alt=\"Share Button\"\/><\/a><script type=\"text\/javascript\">var hupso_services_t=new Array(\"Twitter\",\"Facebook\",\"Google Plus\",\"Pinterest\",\"Linkedin\",\"StumbleUpon\",\"Digg\",\"Reddit\",\"Bebo\",\"Delicious\");var hupso_background_t=\"#EAF4FF\";var hupso_border_t=\"#66CCFF\";var hupso_toolbar_size_t=\"small\";var hupso_image_folder_url = \"http:\/\/www.shincommunication.com\/wp-content\/plugins\/hupso-share-buttons-for-twitter-facebook-google\/img\/services\/\";var hupso_url_t=\"\";var hupso_title_t=\"Prima candelina per il Centro Autismo (CTRS) di Fondazione Piatti a Milano\";<\/script><script type=\"text\/javascript\" src=\"https:\/\/static.hupso.com\/share\/js\/share_toolbar.js\"><\/script><!-- Hupso Share Buttons --><\/div>","protected":false},"excerpt":{"rendered":"<p>Un anno fa l&rsquo;open day della struttura, oggi accoglie 39 bambini Un anno fa Fondazione Piatti ha ufficialmente aperto al&#8230;<\/p>\n<div style=\"padding-bottom:20px; padding-top:10px;\" class=\"hupso-share-buttons\"><!-- Hupso Share Buttons - http:\/\/www.hupso.com\/share\/ --><a class=\"hupso_toolbar\" href=\"http:\/\/www.hupso.com\/share\/\"><img src=\"https:\/\/static.hupso.com\/share\/buttons\/share-small.png\" style=\"border:0px; padding-top:5px; float:left;\" alt=\"Share Button\"\/><\/a><script type=\"text\/javascript\">var hupso_services_t=new Array(\"Twitter\",\"Facebook\",\"Google Plus\",\"Pinterest\",\"Linkedin\",\"StumbleUpon\",\"Digg\",\"Reddit\",\"Bebo\",\"Delicious\");var hupso_background_t=\"#EAF4FF\";var hupso_border_t=\"#66CCFF\";var hupso_toolbar_size_t=\"small\";var hupso_image_folder_url = \"http:\/\/www.shincommunication.com\/wp-content\/plugins\/hupso-share-buttons-for-twitter-facebook-google\/img\/services\/\";var hupso_url_t=\"\";var hupso_title_t=\"Prima candelina per il Centro Autismo (CTRS) di Fondazione Piatti a Milano\";<\/script><script type=\"text\/javascript\" src=\"https:\/\/static.hupso.com\/share\/js\/share_toolbar.js\"><\/script><!-- Hupso Share Buttons --><\/div>","protected":false},"author":1,"featured_media":0,"comment_status":"closed","ping_status":"closed","sticky":false,"template":"","format":"standard","meta":{"footnotes":""},"categories":[134],"tags":[131,215,1622,127,135],"class_list":["post-1530","post","type-post","status-publish","format-standard","hentry","category-fondazione-piatti","tag-autismo","tag-centro","tag-fondazione-piatti","tag-milano","tag-onlus"],"yoast_head":"<!-- This site is optimized with the Yoast SEO plugin v25.3.1 - https:\/\/yoast.com\/wordpress\/plugins\/seo\/ -->\n<title>Centro Autismo di Fondazione Piatti a Milano spegne la Prima candelina<\/title>\n<meta name=\"description\" content=\"Un anno fa l&#039;open day della struttura di Fondazione Piatti, oggi accoglie 39 bambini\" \/>\n<meta name=\"robots\" content=\"index, follow, max-snippet:-1, max-image-preview:large, max-video-preview:-1\" \/>\n<link rel=\"canonical\" href=\"https:\/\/www.shincommunication.com\/prima-candelina-per-il-centro-autismo-ctrs-di-fondazione-piatti-a-milano\/\" \/>\n<meta property=\"og:locale\" content=\"fr_FR\" \/>\n<meta property=\"og:type\" content=\"article\" \/>\n<meta property=\"og:title\" content=\"Centro Autismo di Fondazione Piatti a Milano spegne la Prima candelina\" \/>\n<meta property=\"og:description\" content=\"Un anno fa l&#039;open day della struttura di Fondazione Piatti, oggi accoglie 39 bambini\" \/>\n<meta property=\"og:url\" content=\"https:\/\/www.shincommunication.com\/prima-candelina-per-il-centro-autismo-ctrs-di-fondazione-piatti-a-milano\/\" \/>\n<meta property=\"og:site_name\" content=\"Shin Communication\" \/>\n<meta property=\"article:publisher\" content=\"https:\/\/www.facebook.com\/ShinCommunication\" \/>\n<meta property=\"article:published_time\" content=\"2014-06-18T15:00:27+00:00\" \/>\n<meta property=\"article:modified_time\" content=\"2014-06-18T15:04:30+00:00\" \/>\n<meta property=\"og:image\" content=\"http:\/\/www.shincommunication.com\/wp-content\/uploads\/2014\/06\/14264717977_98f048f199-300x231.jpg\" \/>\n<meta name=\"author\" content=\"Shin\" \/>\n<meta name=\"twitter:label1\" content=\"\u00c9crit par\" \/>\n\t<meta name=\"twitter:data1\" content=\"Shin\" \/>\n\t<meta name=\"twitter:label2\" content=\"Dur\u00e9e de lecture estim\u00e9e\" \/>\n\t<meta name=\"twitter:data2\" content=\"2 minutes\" \/>\n<script type=\"application\/ld+json\" class=\"yoast-schema-graph\">{\"@context\":\"https:\/\/schema.org\",\"@graph\":[{\"@type\":\"Article\",\"@id\":\"https:\/\/www.shincommunication.com\/prima-candelina-per-il-centro-autismo-ctrs-di-fondazione-piatti-a-milano\/#article\",\"isPartOf\":{\"@id\":\"https:\/\/www.shincommunication.com\/prima-candelina-per-il-centro-autismo-ctrs-di-fondazione-piatti-a-milano\/\"},\"author\":{\"name\":\"Shin\",\"@id\":\"https:\/\/www.shincommunication.com\/#\/schema\/person\/0c181271878e454d6408e519766100ec\"},\"headline\":\"Prima candelina per il Centro Autismo (CTRS) di Fondazione Piatti a Milano\",\"datePublished\":\"2014-06-18T15:00:27+00:00\",\"dateModified\":\"2014-06-18T15:04:30+00:00\",\"mainEntityOfPage\":{\"@id\":\"https:\/\/www.shincommunication.com\/prima-candelina-per-il-centro-autismo-ctrs-di-fondazione-piatti-a-milano\/\"},\"wordCount\":335,\"publisher\":{\"@id\":\"https:\/\/www.shincommunication.com\/#organization\"},\"image\":{\"@id\":\"https:\/\/www.shincommunication.com\/prima-candelina-per-il-centro-autismo-ctrs-di-fondazione-piatti-a-milano\/#primaryimage\"},\"thumbnailUrl\":\"http:\/\/www.shincommunication.com\/wp-content\/uploads\/2014\/06\/14264717977_98f048f199-300x231.jpg\",\"keywords\":[\"Autismo\",\"Centro\",\"Fondazione Piatti\",\"Milano\",\"onlus\"],\"articleSection\":[\"Fondazione Piatti\"],\"inLanguage\":\"fr-FR\"},{\"@type\":\"WebPage\",\"@id\":\"https:\/\/www.shincommunication.com\/prima-candelina-per-il-centro-autismo-ctrs-di-fondazione-piatti-a-milano\/\",\"url\":\"https:\/\/www.shincommunication.com\/prima-candelina-per-il-centro-autismo-ctrs-di-fondazione-piatti-a-milano\/\",\"name\":\"Centro Autismo di Fondazione Piatti a Milano spegne la Prima candelina\",\"isPartOf\":{\"@id\":\"https:\/\/www.shincommunication.com\/#website\"},\"primaryImageOfPage\":{\"@id\":\"https:\/\/www.shincommunication.com\/prima-candelina-per-il-centro-autismo-ctrs-di-fondazione-piatti-a-milano\/#primaryimage\"},\"image\":{\"@id\":\"https:\/\/www.shincommunication.com\/prima-candelina-per-il-centro-autismo-ctrs-di-fondazione-piatti-a-milano\/#primaryimage\"},\"thumbnailUrl\":\"http:\/\/www.shincommunication.com\/wp-content\/uploads\/2014\/06\/14264717977_98f048f199-300x231.jpg\",\"datePublished\":\"2014-06-18T15:00:27+00:00\",\"dateModified\":\"2014-06-18T15:04:30+00:00\",\"description\":\"Un anno fa l'open day della struttura di Fondazione Piatti, oggi accoglie 39 bambini\",\"inLanguage\":\"fr-FR\",\"potentialAction\":[{\"@type\":\"ReadAction\",\"target\":[\"https:\/\/www.shincommunication.com\/prima-candelina-per-il-centro-autismo-ctrs-di-fondazione-piatti-a-milano\/\"]}]},{\"@type\":\"ImageObject\",\"inLanguage\":\"fr-FR\",\"@id\":\"https:\/\/www.shincommunication.com\/prima-candelina-per-il-centro-autismo-ctrs-di-fondazione-piatti-a-milano\/#primaryimage\",\"url\":\"http:\/\/www.shincommunication.com\/wp-content\/uploads\/2014\/06\/14264717977_98f048f199-300x231.jpg\",\"contentUrl\":\"http:\/\/www.shincommunication.com\/wp-content\/uploads\/2014\/06\/14264717977_98f048f199-300x231.jpg\"},{\"@type\":\"WebSite\",\"@id\":\"https:\/\/www.shincommunication.com\/#website\",\"url\":\"https:\/\/www.shincommunication.com\/\",\"name\":\"Shin Communication\",\"description\":\"Press Relation and more\",\"publisher\":{\"@id\":\"https:\/\/www.shincommunication.com\/#organization\"},\"potentialAction\":[{\"@type\":\"SearchAction\",\"target\":{\"@type\":\"EntryPoint\",\"urlTemplate\":\"https:\/\/www.shincommunication.com\/?s={search_term_string}\"},\"query-input\":{\"@type\":\"PropertyValueSpecification\",\"valueRequired\":true,\"valueName\":\"search_term_string\"}}],\"inLanguage\":\"fr-FR\"},{\"@type\":\"Organization\",\"@id\":\"https:\/\/www.shincommunication.com\/#organization\",\"name\":\"Shin Communication\",\"url\":\"https:\/\/www.shincommunication.com\/\",\"logo\":{\"@type\":\"ImageObject\",\"inLanguage\":\"fr-FR\",\"@id\":\"https:\/\/www.shincommunication.com\/#\/schema\/logo\/image\/\",\"url\":\"https:\/\/www.shincommunication.com\/wp-content\/uploads\/2019\/03\/logo_shin.png\",\"contentUrl\":\"https:\/\/www.shincommunication.com\/wp-content\/uploads\/2019\/03\/logo_shin.png\",\"width\":200,\"height\":200,\"caption\":\"Shin Communication\"},\"image\":{\"@id\":\"https:\/\/www.shincommunication.com\/#\/schema\/logo\/image\/\"},\"sameAs\":[\"https:\/\/www.facebook.com\/ShinCommunication\",\"https:\/\/x.com\/ShinCommunicate\",\"http:\/\/www.linkedin.com\/company\/shin-communication?trk=hb_tab_compy_id_2949876\"]},{\"@type\":\"Person\",\"@id\":\"https:\/\/www.shincommunication.com\/#\/schema\/person\/0c181271878e454d6408e519766100ec\",\"name\":\"Shin\",\"image\":{\"@type\":\"ImageObject\",\"inLanguage\":\"fr-FR\",\"@id\":\"https:\/\/www.shincommunication.com\/#\/schema\/person\/image\/\",\"url\":\"https:\/\/secure.gravatar.com\/avatar\/8312385b498db60711056d1d237fe6de?s=96&d=mm&r=g\",\"contentUrl\":\"https:\/\/secure.gravatar.com\/avatar\/8312385b498db60711056d1d237fe6de?s=96&d=mm&r=g\",\"caption\":\"Shin\"}}]}<\/script>\n<!-- \/ Yoast SEO plugin. -->","yoast_head_json":{"title":"Centro Autismo di Fondazione Piatti a Milano spegne la Prima candelina","description":"Un anno fa l'open day della struttura di Fondazione Piatti, oggi accoglie 39 bambini","robots":{"index":"index","follow":"follow","max-snippet":"max-snippet:-1","max-image-preview":"max-image-preview:large","max-video-preview":"max-video-preview:-1"},"canonical":"https:\/\/www.shincommunication.com\/prima-candelina-per-il-centro-autismo-ctrs-di-fondazione-piatti-a-milano\/","og_locale":"fr_FR","og_type":"article","og_title":"Centro Autismo di Fondazione Piatti a Milano spegne la Prima candelina","og_description":"Un anno fa l'open day della struttura di Fondazione Piatti, oggi accoglie 39 bambini","og_url":"https:\/\/www.shincommunication.com\/prima-candelina-per-il-centro-autismo-ctrs-di-fondazione-piatti-a-milano\/","og_site_name":"Shin Communication","article_publisher":"https:\/\/www.facebook.com\/ShinCommunication","article_published_time":"2014-06-18T15:00:27+00:00","article_modified_time":"2014-06-18T15:04:30+00:00","og_image":[{"url":"http:\/\/www.shincommunication.com\/wp-content\/uploads\/2014\/06\/14264717977_98f048f199-300x231.jpg","type":"","width":"","height":""}],"author":"Shin","twitter_misc":{"\u00c9crit par":"Shin","Dur\u00e9e de lecture estim\u00e9e":"2 minutes"},"schema":{"@context":"https:\/\/schema.org","@graph":[{"@type":"Article","@id":"https:\/\/www.shincommunication.com\/prima-candelina-per-il-centro-autismo-ctrs-di-fondazione-piatti-a-milano\/#article","isPartOf":{"@id":"https:\/\/www.shincommunication.com\/prima-candelina-per-il-centro-autismo-ctrs-di-fondazione-piatti-a-milano\/"},"author":{"name":"Shin","@id":"https:\/\/www.shincommunication.com\/#\/schema\/person\/0c181271878e454d6408e519766100ec"},"headline":"Prima candelina per il Centro Autismo (CTRS) di Fondazione Piatti a Milano","datePublished":"2014-06-18T15:00:27+00:00","dateModified":"2014-06-18T15:04:30+00:00","mainEntityOfPage":{"@id":"https:\/\/www.shincommunication.com\/prima-candelina-per-il-centro-autismo-ctrs-di-fondazione-piatti-a-milano\/"},"wordCount":335,"publisher":{"@id":"https:\/\/www.shincommunication.com\/#organization"},"image":{"@id":"https:\/\/www.shincommunication.com\/prima-candelina-per-il-centro-autismo-ctrs-di-fondazione-piatti-a-milano\/#primaryimage"},"thumbnailUrl":"http:\/\/www.shincommunication.com\/wp-content\/uploads\/2014\/06\/14264717977_98f048f199-300x231.jpg","keywords":["Autismo","Centro","Fondazione Piatti","Milano","onlus"],"articleSection":["Fondazione Piatti"],"inLanguage":"fr-FR"},{"@type":"WebPage","@id":"https:\/\/www.shincommunication.com\/prima-candelina-per-il-centro-autismo-ctrs-di-fondazione-piatti-a-milano\/","url":"https:\/\/www.shincommunication.com\/prima-candelina-per-il-centro-autismo-ctrs-di-fondazione-piatti-a-milano\/","name":"Centro Autismo di Fondazione Piatti a Milano spegne la Prima candelina","isPartOf":{"@id":"https:\/\/www.shincommunication.com\/#website"},"primaryImageOfPage":{"@id":"https:\/\/www.shincommunication.com\/prima-candelina-per-il-centro-autismo-ctrs-di-fondazione-piatti-a-milano\/#primaryimage"},"image":{"@id":"https:\/\/www.shincommunication.com\/prima-candelina-per-il-centro-autismo-ctrs-di-fondazione-piatti-a-milano\/#primaryimage"},"thumbnailUrl":"http:\/\/www.shincommunication.com\/wp-content\/uploads\/2014\/06\/14264717977_98f048f199-300x231.jpg","datePublished":"2014-06-18T15:00:27+00:00","dateModified":"2014-06-18T15:04:30+00:00","description":"Un anno fa l'open day della struttura di Fondazione Piatti, oggi accoglie 39 bambini","inLanguage":"fr-FR","potentialAction":[{"@type":"ReadAction","target":["https:\/\/www.shincommunication.com\/prima-candelina-per-il-centro-autismo-ctrs-di-fondazione-piatti-a-milano\/"]}]},{"@type":"ImageObject","inLanguage":"fr-FR","@id":"https:\/\/www.shincommunication.com\/prima-candelina-per-il-centro-autismo-ctrs-di-fondazione-piatti-a-milano\/#primaryimage","url":"http:\/\/www.shincommunication.com\/wp-content\/uploads\/2014\/06\/14264717977_98f048f199-300x231.jpg","contentUrl":"http:\/\/www.shincommunication.com\/wp-content\/uploads\/2014\/06\/14264717977_98f048f199-300x231.jpg"},{"@type":"WebSite","@id":"https:\/\/www.shincommunication.com\/#website","url":"https:\/\/www.shincommunication.com\/","name":"Shin Communication","description":"Press Relation and more","publisher":{"@id":"https:\/\/www.shincommunication.com\/#organization"},"potentialAction":[{"@type":"SearchAction","target":{"@type":"EntryPoint","urlTemplate":"https:\/\/www.shincommunication.com\/?s={search_term_string}"},"query-input":{"@type":"PropertyValueSpecification","valueRequired":true,"valueName":"search_term_string"}}],"inLanguage":"fr-FR"},{"@type":"Organization","@id":"https:\/\/www.shincommunication.com\/#organization","name":"Shin Communication","url":"https:\/\/www.shincommunication.com\/","logo":{"@type":"ImageObject","inLanguage":"fr-FR","@id":"https:\/\/www.shincommunication.com\/#\/schema\/logo\/image\/","url":"https:\/\/www.shincommunication.com\/wp-content\/uploads\/2019\/03\/logo_shin.png","contentUrl":"https:\/\/www.shincommunication.com\/wp-content\/uploads\/2019\/03\/logo_shin.png","width":200,"height":200,"caption":"Shin Communication"},"image":{"@id":"https:\/\/www.shincommunication.com\/#\/schema\/logo\/image\/"},"sameAs":["https:\/\/www.facebook.com\/ShinCommunication","https:\/\/x.com\/ShinCommunicate","http:\/\/www.linkedin.com\/company\/shin-communication?trk=hb_tab_compy_id_2949876"]},{"@type":"Person","@id":"https:\/\/www.shincommunication.com\/#\/schema\/person\/0c181271878e454d6408e519766100ec","name":"Shin","image":{"@type":"ImageObject","inLanguage":"fr-FR","@id":"https:\/\/www.shincommunication.com\/#\/schema\/person\/image\/","url":"https:\/\/secure.gravatar.com\/avatar\/8312385b498db60711056d1d237fe6de?s=96&d=mm&r=g","contentUrl":"https:\/\/secure.gravatar.com\/avatar\/8312385b498db60711056d1d237fe6de?s=96&d=mm&r=g","caption":"Shin"}}]}},"_links":{"self":[{"href":"https:\/\/www.shincommunication.com\/fr\/wp-json\/wp\/v2\/posts\/1530","targetHints":{"allow":["GET"]}}],"collection":[{"href":"https:\/\/www.shincommunication.com\/fr\/wp-json\/wp\/v2\/posts"}],"about":[{"href":"https:\/\/www.shincommunication.com\/fr\/wp-json\/wp\/v2\/types\/post"}],"author":[{"embeddable":true,"href":"https:\/\/www.shincommunication.com\/fr\/wp-json\/wp\/v2\/users\/1"}],"replies":[{"embeddable":true,"href":"https:\/\/www.shincommunication.com\/fr\/wp-json\/wp\/v2\/comments?post=1530"}],"version-history":[{"count":6,"href":"https:\/\/www.shincommunication.com\/fr\/wp-json\/wp\/v2\/posts\/1530\/revisions"}],"predecessor-version":[{"id":1537,"href":"https:\/\/www.shincommunication.com\/fr\/wp-json\/wp\/v2\/posts\/1530\/revisions\/1537"}],"wp:attachment":[{"href":"https:\/\/www.shincommunication.com\/fr\/wp-json\/wp\/v2\/media?parent=1530"}],"wp:term":[{"taxonomy":"category","embeddable":true,"href":"https:\/\/www.shincommunication.com\/fr\/wp-json\/wp\/v2\/categories?post=1530"},{"taxonomy":"post_tag","embeddable":true,"href":"https:\/\/www.shincommunication.com\/fr\/wp-json\/wp\/v2\/tags?post=1530"}],"curies":[{"name":"wp","href":"https:\/\/api.w.org\/{rel}","templated":true}]}}