
{"id":14371,"date":"2025-04-10T09:32:56","date_gmt":"2025-04-10T07:32:56","guid":{"rendered":"https:\/\/www.shincommunication.com\/?p=14371"},"modified":"2025-04-16T16:57:11","modified_gmt":"2025-04-16T14:57:11","slug":"nuovo-ceo-circana-daniele-gilli-assume-la-guida","status":"publish","type":"post","link":"https:\/\/www.shincommunication.com\/fr\/nuovo-ceo-circana-daniele-gilli-assume-la-guida\/","title":{"rendered":"Nuovo CEO Circana: Daniele Gilli assume la guida"},"content":{"rendered":"<div style=\"background-repeat: no-repeat;\"><p>&nbsp;<\/p>\n<p>&nbsp;<\/p>\n<p><a href=\"https:\/\/www.circana.com\/it\/\">Circana<\/a>, azienda leader nelle soluzioni di analisi e insight di mercato, annuncia un cambiamento alla guida della propria organizzazione. A partire dal 1\u00b0 Aprile 2025,\u00a0Daniele Gilli, attuale Direttore Commerciale di Circana, \u00e8 stato nominato Amministratore Delegato, succedendo ad\u00a0Angelo Massaro.<\/p>\n<div id=\"attachment_14372\" style=\"width: 235px\" class=\"wp-caption alignleft\"><a href=\"http:\/\/www.shincommunication.com\/wp-content\/uploads\/2025\/04\/Daniele-Gilli-Circana_low-res.jpg\"><img loading=\"lazy\" decoding=\"async\" aria-describedby=\"caption-attachment-14372\" class=\"wp-image-14372 size-medium\" src=\"http:\/\/www.shincommunication.com\/wp-content\/uploads\/2025\/04\/Daniele-Gilli-Circana_low-res-225x300.jpg\" alt=\"\" width=\"225\" height=\"300\" srcset=\"https:\/\/www.shincommunication.com\/wp-content\/uploads\/2025\/04\/Daniele-Gilli-Circana_low-res-225x300.jpg 225w, https:\/\/www.shincommunication.com\/wp-content\/uploads\/2025\/04\/Daniele-Gilli-Circana_low-res-768x1024.jpg 768w, https:\/\/www.shincommunication.com\/wp-content\/uploads\/2025\/04\/Daniele-Gilli-Circana_low-res-1152x1536.jpg 1152w, https:\/\/www.shincommunication.com\/wp-content\/uploads\/2025\/04\/Daniele-Gilli-Circana_low-res-1536x2048.jpg 1536w, https:\/\/www.shincommunication.com\/wp-content\/uploads\/2025\/04\/Daniele-Gilli-Circana_low-res.jpg 1737w\" sizes=\"auto, (max-width: 225px) 100vw, 225px\" \/><\/a><p id=\"caption-attachment-14372\" class=\"wp-caption-text\"><em>Daniele Gilli, nuovo CEO Circana<\/em><\/p><\/div>\n<p>Con una profonda conoscenza del mercato e una solida esperienza maturata all\u2019interno dell\u2019azienda,\u00a0Daniele\u00a0\u00e8 pronto a guidare Circana in una nuova fase di crescita e innovazione, mantenendo un forte focus sulla centralit\u00e0 del cliente e sull\u2019evoluzione delle soluzioni data-driven.<\/p>\n<p>\u201c<em>Sono orgoglioso di assumere questo nuovo incarico e di poter continuare a lavorare con un team eccezionale. Insieme, rafforzeremo ulteriormente la nostra posizione di partner strategico per le aziende che vogliono competere in un mercato in continua trasformazione<\/em>\u201d ha dichiarato\u00a0Daniele Gilli.<\/p>\n<p>Circana ringrazia\u00a0Angelo Massaro\u00a0per il suo contributo e la leadership dimostrata nel corso degli anni, e gli augura ogni successo per il futuro.<\/p>\n<p>&nbsp;<\/p>\n<p>&nbsp;<\/p>\n<p>&nbsp;<\/p>\n<p>&nbsp;<\/p>\n<p>&nbsp;<\/p>\n<p>&nbsp;<\/p>\n<p>&nbsp;<\/p>\n<\/div><div style=\"padding-bottom:20px; padding-top:10px;\" class=\"hupso-share-buttons\"><!-- Hupso Share Buttons - http:\/\/www.hupso.com\/share\/ --><a class=\"hupso_toolbar\" href=\"http:\/\/www.hupso.com\/share\/\"><img decoding=\"async\" src=\"https:\/\/static.hupso.com\/share\/buttons\/share-small.png\" style=\"border:0px; padding-top:5px; float:left;\" alt=\"Share Button\"\/><\/a><script type=\"text\/javascript\">var hupso_services_t=new Array(\"Twitter\",\"Facebook\",\"Google Plus\",\"Pinterest\",\"Linkedin\",\"StumbleUpon\",\"Digg\",\"Reddit\",\"Bebo\",\"Delicious\");var hupso_background_t=\"#EAF4FF\";var hupso_border_t=\"#66CCFF\";var hupso_toolbar_size_t=\"small\";var hupso_image_folder_url = \"http:\/\/www.shincommunication.com\/wp-content\/plugins\/hupso-share-buttons-for-twitter-facebook-google\/img\/services\/\";var hupso_url_t=\"\";var hupso_title_t=\"Nuovo CEO Circana: Daniele Gilli assume la guida\";<\/script><script type=\"text\/javascript\" src=\"https:\/\/static.hupso.com\/share\/js\/share_toolbar.js\"><\/script><!-- Hupso Share Buttons --><\/div>","protected":false},"excerpt":{"rendered":"<p>&nbsp; &nbsp; Circana, azienda leader nelle soluzioni di analisi e insight di mercato, annuncia un cambiamento alla guida della propria&#8230;<\/p>\n<div style=\"padding-bottom:20px; padding-top:10px;\" class=\"hupso-share-buttons\"><!-- Hupso Share Buttons - http:\/\/www.hupso.com\/share\/ --><a class=\"hupso_toolbar\" href=\"http:\/\/www.hupso.com\/share\/\"><img src=\"https:\/\/static.hupso.com\/share\/buttons\/share-small.png\" style=\"border:0px; padding-top:5px; float:left;\" alt=\"Share Button\"\/><\/a><script type=\"text\/javascript\">var hupso_services_t=new Array(\"Twitter\",\"Facebook\",\"Google Plus\",\"Pinterest\",\"Linkedin\",\"StumbleUpon\",\"Digg\",\"Reddit\",\"Bebo\",\"Delicious\");var hupso_background_t=\"#EAF4FF\";var hupso_border_t=\"#66CCFF\";var hupso_toolbar_size_t=\"small\";var hupso_image_folder_url = \"http:\/\/www.shincommunication.com\/wp-content\/plugins\/hupso-share-buttons-for-twitter-facebook-google\/img\/services\/\";var hupso_url_t=\"\";var hupso_title_t=\"Nuovo CEO Circana: Daniele Gilli assume la guida\";<\/script><script type=\"text\/javascript\" src=\"https:\/\/static.hupso.com\/share\/js\/share_toolbar.js\"><\/script><!-- Hupso Share Buttons --><\/div>","protected":false},"author":3,"featured_media":0,"comment_status":"closed","ping_status":"closed","sticky":false,"template":"","format":"standard","meta":{"footnotes":""},"categories":[3023],"tags":[271,2513,1777,1462],"class_list":["post-14371","post","type-post","status-publish","format-standard","hentry","category-circana","tag-ceo","tag-data","tag-mercato","tag-nomina"],"yoast_head":"<!-- This site is optimized with the Yoast SEO plugin v25.3.1 - https:\/\/yoast.com\/wordpress\/plugins\/seo\/ -->\n<title>Nuovo CEO Circana: Daniele Gilli assume la guida - Shin Communication<\/title>\n<meta name=\"description\" content=\"Daniele Gilli, attuale Direttore Commerciale di Circana, \u00e8 stato nominato CEO, succedendo ad\u00a0Angelo Massaro\" \/>\n<meta name=\"robots\" content=\"index, follow, max-snippet:-1, max-image-preview:large, max-video-preview:-1\" \/>\n<link rel=\"canonical\" href=\"https:\/\/www.shincommunication.com\/nuovo-ceo-circana-daniele-gilli-assume-la-guida\/\" \/>\n<meta property=\"og:locale\" content=\"fr_FR\" \/>\n<meta property=\"og:type\" content=\"article\" \/>\n<meta property=\"og:title\" content=\"Nuovo CEO Circana: Daniele Gilli assume la guida - Shin Communication\" \/>\n<meta property=\"og:description\" content=\"Daniele Gilli, attuale Direttore Commerciale di Circana, \u00e8 stato nominato CEO, succedendo ad\u00a0Angelo Massaro\" \/>\n<meta property=\"og:url\" content=\"https:\/\/www.shincommunication.com\/nuovo-ceo-circana-daniele-gilli-assume-la-guida\/\" \/>\n<meta property=\"og:site_name\" content=\"Shin Communication\" \/>\n<meta property=\"article:publisher\" content=\"https:\/\/www.facebook.com\/ShinCommunication\" \/>\n<meta property=\"article:published_time\" content=\"2025-04-10T07:32:56+00:00\" \/>\n<meta property=\"article:modified_time\" content=\"2025-04-16T14:57:11+00:00\" \/>\n<meta property=\"og:image\" content=\"https:\/\/www.shincommunication.com\/wp-content\/uploads\/2025\/04\/Daniele-Gilli-Circana_low-res.jpg\" \/>\n\t<meta property=\"og:image:width\" content=\"1737\" \/>\n\t<meta property=\"og:image:height\" content=\"2316\" \/>\n\t<meta property=\"og:image:type\" content=\"image\/jpeg\" \/>\n<meta name=\"author\" content=\"shin shin\" \/>\n<meta name=\"twitter:label1\" content=\"\u00c9crit par\" \/>\n\t<meta name=\"twitter:data1\" content=\"shin shin\" \/>\n\t<meta name=\"twitter:label2\" content=\"Dur\u00e9e de lecture estim\u00e9e\" \/>\n\t<meta name=\"twitter:data2\" content=\"2 minutes\" \/>\n<script type=\"application\/ld+json\" class=\"yoast-schema-graph\">{\"@context\":\"https:\/\/schema.org\",\"@graph\":[{\"@type\":\"Article\",\"@id\":\"https:\/\/www.shincommunication.com\/nuovo-ceo-circana-daniele-gilli-assume-la-guida\/#article\",\"isPartOf\":{\"@id\":\"https:\/\/www.shincommunication.com\/nuovo-ceo-circana-daniele-gilli-assume-la-guida\/\"},\"author\":{\"name\":\"shin shin\",\"@id\":\"https:\/\/www.shincommunication.com\/#\/schema\/person\/cec46fb37ccdf6fdafaefae133ff7d46\"},\"headline\":\"Nuovo CEO Circana: Daniele Gilli assume la guida\",\"datePublished\":\"2025-04-10T07:32:56+00:00\",\"dateModified\":\"2025-04-16T14:57:11+00:00\",\"mainEntityOfPage\":{\"@id\":\"https:\/\/www.shincommunication.com\/nuovo-ceo-circana-daniele-gilli-assume-la-guida\/\"},\"wordCount\":175,\"publisher\":{\"@id\":\"https:\/\/www.shincommunication.com\/#organization\"},\"image\":{\"@id\":\"https:\/\/www.shincommunication.com\/nuovo-ceo-circana-daniele-gilli-assume-la-guida\/#primaryimage\"},\"thumbnailUrl\":\"http:\/\/www.shincommunication.com\/wp-content\/uploads\/2025\/04\/Daniele-Gilli-Circana_low-res-225x300.jpg\",\"keywords\":[\"CEO\",\"data\",\"mercato\",\"nomina\"],\"articleSection\":[\"Circana\"],\"inLanguage\":\"fr-FR\"},{\"@type\":\"WebPage\",\"@id\":\"https:\/\/www.shincommunication.com\/nuovo-ceo-circana-daniele-gilli-assume-la-guida\/\",\"url\":\"https:\/\/www.shincommunication.com\/nuovo-ceo-circana-daniele-gilli-assume-la-guida\/\",\"name\":\"Nuovo CEO Circana: Daniele Gilli assume la guida - Shin Communication\",\"isPartOf\":{\"@id\":\"https:\/\/www.shincommunication.com\/#website\"},\"primaryImageOfPage\":{\"@id\":\"https:\/\/www.shincommunication.com\/nuovo-ceo-circana-daniele-gilli-assume-la-guida\/#primaryimage\"},\"image\":{\"@id\":\"https:\/\/www.shincommunication.com\/nuovo-ceo-circana-daniele-gilli-assume-la-guida\/#primaryimage\"},\"thumbnailUrl\":\"http:\/\/www.shincommunication.com\/wp-content\/uploads\/2025\/04\/Daniele-Gilli-Circana_low-res-225x300.jpg\",\"datePublished\":\"2025-04-10T07:32:56+00:00\",\"dateModified\":\"2025-04-16T14:57:11+00:00\",\"description\":\"Daniele Gilli, attuale Direttore Commerciale di Circana, \u00e8 stato nominato CEO, succedendo ad\u00a0Angelo Massaro\",\"inLanguage\":\"fr-FR\",\"potentialAction\":[{\"@type\":\"ReadAction\",\"target\":[\"https:\/\/www.shincommunication.com\/nuovo-ceo-circana-daniele-gilli-assume-la-guida\/\"]}]},{\"@type\":\"ImageObject\",\"inLanguage\":\"fr-FR\",\"@id\":\"https:\/\/www.shincommunication.com\/nuovo-ceo-circana-daniele-gilli-assume-la-guida\/#primaryimage\",\"url\":\"http:\/\/www.shincommunication.com\/wp-content\/uploads\/2025\/04\/Daniele-Gilli-Circana_low-res-225x300.jpg\",\"contentUrl\":\"http:\/\/www.shincommunication.com\/wp-content\/uploads\/2025\/04\/Daniele-Gilli-Circana_low-res-225x300.jpg\"},{\"@type\":\"WebSite\",\"@id\":\"https:\/\/www.shincommunication.com\/#website\",\"url\":\"https:\/\/www.shincommunication.com\/\",\"name\":\"Shin Communication\",\"description\":\"Press Relation and more\",\"publisher\":{\"@id\":\"https:\/\/www.shincommunication.com\/#organization\"},\"potentialAction\":[{\"@type\":\"SearchAction\",\"target\":{\"@type\":\"EntryPoint\",\"urlTemplate\":\"https:\/\/www.shincommunication.com\/?s={search_term_string}\"},\"query-input\":{\"@type\":\"PropertyValueSpecification\",\"valueRequired\":true,\"valueName\":\"search_term_string\"}}],\"inLanguage\":\"fr-FR\"},{\"@type\":\"Organization\",\"@id\":\"https:\/\/www.shincommunication.com\/#organization\",\"name\":\"Shin Communication\",\"url\":\"https:\/\/www.shincommunication.com\/\",\"logo\":{\"@type\":\"ImageObject\",\"inLanguage\":\"fr-FR\",\"@id\":\"https:\/\/www.shincommunication.com\/#\/schema\/logo\/image\/\",\"url\":\"https:\/\/www.shincommunication.com\/wp-content\/uploads\/2019\/03\/logo_shin.png\",\"contentUrl\":\"https:\/\/www.shincommunication.com\/wp-content\/uploads\/2019\/03\/logo_shin.png\",\"width\":200,\"height\":200,\"caption\":\"Shin Communication\"},\"image\":{\"@id\":\"https:\/\/www.shincommunication.com\/#\/schema\/logo\/image\/\"},\"sameAs\":[\"https:\/\/www.facebook.com\/ShinCommunication\",\"https:\/\/x.com\/ShinCommunicate\",\"http:\/\/www.linkedin.com\/company\/shin-communication?trk=hb_tab_compy_id_2949876\"]},{\"@type\":\"Person\",\"@id\":\"https:\/\/www.shincommunication.com\/#\/schema\/person\/cec46fb37ccdf6fdafaefae133ff7d46\",\"name\":\"shin shin\",\"image\":{\"@type\":\"ImageObject\",\"inLanguage\":\"fr-FR\",\"@id\":\"https:\/\/www.shincommunication.com\/#\/schema\/person\/image\/\",\"url\":\"https:\/\/secure.gravatar.com\/avatar\/06419c387981edde8ad3a4a962ea2c2d?s=96&d=mm&r=g\",\"contentUrl\":\"https:\/\/secure.gravatar.com\/avatar\/06419c387981edde8ad3a4a962ea2c2d?s=96&d=mm&r=g\",\"caption\":\"shin shin\"},\"sameAs\":[\"http:\/\/www.shincommunication.com\"]}]}<\/script>\n<!-- \/ Yoast SEO plugin. -->","yoast_head_json":{"title":"Nuovo CEO Circana: Daniele Gilli assume la guida - Shin Communication","description":"Daniele Gilli, attuale Direttore Commerciale di Circana, \u00e8 stato nominato CEO, succedendo ad\u00a0Angelo Massaro","robots":{"index":"index","follow":"follow","max-snippet":"max-snippet:-1","max-image-preview":"max-image-preview:large","max-video-preview":"max-video-preview:-1"},"canonical":"https:\/\/www.shincommunication.com\/nuovo-ceo-circana-daniele-gilli-assume-la-guida\/","og_locale":"fr_FR","og_type":"article","og_title":"Nuovo CEO Circana: Daniele Gilli assume la guida - Shin Communication","og_description":"Daniele Gilli, attuale Direttore Commerciale di Circana, \u00e8 stato nominato CEO, succedendo ad\u00a0Angelo Massaro","og_url":"https:\/\/www.shincommunication.com\/nuovo-ceo-circana-daniele-gilli-assume-la-guida\/","og_site_name":"Shin Communication","article_publisher":"https:\/\/www.facebook.com\/ShinCommunication","article_published_time":"2025-04-10T07:32:56+00:00","article_modified_time":"2025-04-16T14:57:11+00:00","og_image":[{"width":1737,"height":2316,"url":"https:\/\/www.shincommunication.com\/wp-content\/uploads\/2025\/04\/Daniele-Gilli-Circana_low-res.jpg","type":"image\/jpeg"}],"author":"shin shin","twitter_misc":{"\u00c9crit par":"shin shin","Dur\u00e9e de lecture estim\u00e9e":"2 minutes"},"schema":{"@context":"https:\/\/schema.org","@graph":[{"@type":"Article","@id":"https:\/\/www.shincommunication.com\/nuovo-ceo-circana-daniele-gilli-assume-la-guida\/#article","isPartOf":{"@id":"https:\/\/www.shincommunication.com\/nuovo-ceo-circana-daniele-gilli-assume-la-guida\/"},"author":{"name":"shin shin","@id":"https:\/\/www.shincommunication.com\/#\/schema\/person\/cec46fb37ccdf6fdafaefae133ff7d46"},"headline":"Nuovo CEO Circana: Daniele Gilli assume la guida","datePublished":"2025-04-10T07:32:56+00:00","dateModified":"2025-04-16T14:57:11+00:00","mainEntityOfPage":{"@id":"https:\/\/www.shincommunication.com\/nuovo-ceo-circana-daniele-gilli-assume-la-guida\/"},"wordCount":175,"publisher":{"@id":"https:\/\/www.shincommunication.com\/#organization"},"image":{"@id":"https:\/\/www.shincommunication.com\/nuovo-ceo-circana-daniele-gilli-assume-la-guida\/#primaryimage"},"thumbnailUrl":"http:\/\/www.shincommunication.com\/wp-content\/uploads\/2025\/04\/Daniele-Gilli-Circana_low-res-225x300.jpg","keywords":["CEO","data","mercato","nomina"],"articleSection":["Circana"],"inLanguage":"fr-FR"},{"@type":"WebPage","@id":"https:\/\/www.shincommunication.com\/nuovo-ceo-circana-daniele-gilli-assume-la-guida\/","url":"https:\/\/www.shincommunication.com\/nuovo-ceo-circana-daniele-gilli-assume-la-guida\/","name":"Nuovo CEO Circana: Daniele Gilli assume la guida - Shin Communication","isPartOf":{"@id":"https:\/\/www.shincommunication.com\/#website"},"primaryImageOfPage":{"@id":"https:\/\/www.shincommunication.com\/nuovo-ceo-circana-daniele-gilli-assume-la-guida\/#primaryimage"},"image":{"@id":"https:\/\/www.shincommunication.com\/nuovo-ceo-circana-daniele-gilli-assume-la-guida\/#primaryimage"},"thumbnailUrl":"http:\/\/www.shincommunication.com\/wp-content\/uploads\/2025\/04\/Daniele-Gilli-Circana_low-res-225x300.jpg","datePublished":"2025-04-10T07:32:56+00:00","dateModified":"2025-04-16T14:57:11+00:00","description":"Daniele Gilli, attuale Direttore Commerciale di Circana, \u00e8 stato nominato CEO, succedendo ad\u00a0Angelo Massaro","inLanguage":"fr-FR","potentialAction":[{"@type":"ReadAction","target":["https:\/\/www.shincommunication.com\/nuovo-ceo-circana-daniele-gilli-assume-la-guida\/"]}]},{"@type":"ImageObject","inLanguage":"fr-FR","@id":"https:\/\/www.shincommunication.com\/nuovo-ceo-circana-daniele-gilli-assume-la-guida\/#primaryimage","url":"http:\/\/www.shincommunication.com\/wp-content\/uploads\/2025\/04\/Daniele-Gilli-Circana_low-res-225x300.jpg","contentUrl":"http:\/\/www.shincommunication.com\/wp-content\/uploads\/2025\/04\/Daniele-Gilli-Circana_low-res-225x300.jpg"},{"@type":"WebSite","@id":"https:\/\/www.shincommunication.com\/#website","url":"https:\/\/www.shincommunication.com\/","name":"Shin Communication","description":"Press Relation and more","publisher":{"@id":"https:\/\/www.shincommunication.com\/#organization"},"potentialAction":[{"@type":"SearchAction","target":{"@type":"EntryPoint","urlTemplate":"https:\/\/www.shincommunication.com\/?s={search_term_string}"},"query-input":{"@type":"PropertyValueSpecification","valueRequired":true,"valueName":"search_term_string"}}],"inLanguage":"fr-FR"},{"@type":"Organization","@id":"https:\/\/www.shincommunication.com\/#organization","name":"Shin Communication","url":"https:\/\/www.shincommunication.com\/","logo":{"@type":"ImageObject","inLanguage":"fr-FR","@id":"https:\/\/www.shincommunication.com\/#\/schema\/logo\/image\/","url":"https:\/\/www.shincommunication.com\/wp-content\/uploads\/2019\/03\/logo_shin.png","contentUrl":"https:\/\/www.shincommunication.com\/wp-content\/uploads\/2019\/03\/logo_shin.png","width":200,"height":200,"caption":"Shin Communication"},"image":{"@id":"https:\/\/www.shincommunication.com\/#\/schema\/logo\/image\/"},"sameAs":["https:\/\/www.facebook.com\/ShinCommunication","https:\/\/x.com\/ShinCommunicate","http:\/\/www.linkedin.com\/company\/shin-communication?trk=hb_tab_compy_id_2949876"]},{"@type":"Person","@id":"https:\/\/www.shincommunication.com\/#\/schema\/person\/cec46fb37ccdf6fdafaefae133ff7d46","name":"shin shin","image":{"@type":"ImageObject","inLanguage":"fr-FR","@id":"https:\/\/www.shincommunication.com\/#\/schema\/person\/image\/","url":"https:\/\/secure.gravatar.com\/avatar\/06419c387981edde8ad3a4a962ea2c2d?s=96&d=mm&r=g","contentUrl":"https:\/\/secure.gravatar.com\/avatar\/06419c387981edde8ad3a4a962ea2c2d?s=96&d=mm&r=g","caption":"shin shin"},"sameAs":["http:\/\/www.shincommunication.com"]}]}},"_links":{"self":[{"href":"https:\/\/www.shincommunication.com\/fr\/wp-json\/wp\/v2\/posts\/14371","targetHints":{"allow":["GET"]}}],"collection":[{"href":"https:\/\/www.shincommunication.com\/fr\/wp-json\/wp\/v2\/posts"}],"about":[{"href":"https:\/\/www.shincommunication.com\/fr\/wp-json\/wp\/v2\/types\/post"}],"author":[{"embeddable":true,"href":"https:\/\/www.shincommunication.com\/fr\/wp-json\/wp\/v2\/users\/3"}],"replies":[{"embeddable":true,"href":"https:\/\/www.shincommunication.com\/fr\/wp-json\/wp\/v2\/comments?post=14371"}],"version-history":[{"count":2,"href":"https:\/\/www.shincommunication.com\/fr\/wp-json\/wp\/v2\/posts\/14371\/revisions"}],"predecessor-version":[{"id":14377,"href":"https:\/\/www.shincommunication.com\/fr\/wp-json\/wp\/v2\/posts\/14371\/revisions\/14377"}],"wp:attachment":[{"href":"https:\/\/www.shincommunication.com\/fr\/wp-json\/wp\/v2\/media?parent=14371"}],"wp:term":[{"taxonomy":"category","embeddable":true,"href":"https:\/\/www.shincommunication.com\/fr\/wp-json\/wp\/v2\/categories?post=14371"},{"taxonomy":"post_tag","embeddable":true,"href":"https:\/\/www.shincommunication.com\/fr\/wp-json\/wp\/v2\/tags?post=14371"}],"curies":[{"name":"wp","href":"https:\/\/api.w.org\/{rel}","templated":true}]}}