
{"id":1348,"date":"2014-04-02T14:15:56","date_gmt":"2014-04-02T12:15:56","guid":{"rendered":"http:\/\/www.shincommunication.com\/?p=1348"},"modified":"2014-04-02T14:16:49","modified_gmt":"2014-04-02T12:16:49","slug":"progetto-di-fondazione-piatti-selezionato-da-fondazione-cariplo-1-200-000-euro-per-la-nuova-brunella-centro-per-le-disabilita-e-la-famiglia","status":"publish","type":"post","link":"https:\/\/www.shincommunication.com\/fr\/progetto-di-fondazione-piatti-selezionato-da-fondazione-cariplo-1-200-000-euro-per-la-nuova-brunella-centro-per-le-disabilita-e-la-famiglia\/","title":{"rendered":"PROGETTO DI FONDAZIONE PIATTI SELEZIONATO DA FONDAZIONE CARIPLO 1.200.000 EURO PER \u201cLA NUOVA BRUNELLA\u201d CENTRO PER LE DISABILIT\u00e0 e la famiglia"},"content":{"rendered":"<div style=\"background-repeat: no-repeat;\"><p align=\"center\"><i>Il progetto di riqualificazione in chiave sociale dell\u2019immobile gi\u00e0 sede del seminario dei Frati Minori Francescani alla Brunella \u00e8 stato scelto nell\u2019ambito del piano degli interventi emblematici di Fondazione Cariplo, riservato per il 2013 alle province di Varese e di Como. Il Centro per le Disabilit\u00e0 e la Famiglia si chiamer\u00e0 \u201cLa Nuova Brunella\u201d, nel segno di un rinnovamento nel solco della continuit\u00e0 con lo spirito solidale che ha nel luogo radici profonde. Un bene che rimane alla citt\u00e0 di Varese e che rappresenter\u00e0 una risorsa innovativa per tutte le famiglie del territorio.<\/i><\/p>\n<p><strong>Varese, 2 aprile 2014<\/strong> \u2013 Il progetto di nuovo <em><strong>Centro multiservizi per le Disabilit\u00e0 e la Famiglia<\/strong><\/em>, presentato da Fondazione Renato Piatti Onlus lo scorso novembre a <strong>Fondazione Cariplo<\/strong> nell\u2019ambito del piano degli <strong>interventi emblematici<\/strong> riservato per il 2013 ai territori di Varese e di Como, \u00e8 stato <b>selezionato<\/b> dalla Fondazione erogativa lombarda, che ha stanziato a suo favore un contributo di <strong><span style=\"text-decoration: underline;\">1.200.000 euro<\/span>.<\/strong> Lo ha reso noto la stessa Fondazione Cariplo ieri, al termine della seduta del Consiglio di Amministrazione che ha deliberato in materia.<\/p>\n<p><a href=\"http:\/\/www.shincommunication.com\/wp-content\/uploads\/2014\/04\/Crispi.jpg\"><img loading=\"lazy\" decoding=\"async\" class=\"alignnone size-medium wp-image-1349\" alt=\"Crispi\" src=\"http:\/\/www.shincommunication.com\/wp-content\/uploads\/2014\/04\/Crispi-224x300.jpg\" width=\"224\" height=\"300\" srcset=\"https:\/\/www.shincommunication.com\/wp-content\/uploads\/2014\/04\/Crispi-224x300.jpg 224w, https:\/\/www.shincommunication.com\/wp-content\/uploads\/2014\/04\/Crispi.jpg 663w\" sizes=\"auto, (max-width: 224px) 100vw, 224px\" \/><\/a><\/p>\n<p><!--more-->Il Centro per le Disabilit\u00e0 e la Famiglia si chiamer\u00e0 <b><i>\u201cLa Nuova Brunella\u201d<\/i><\/b>, nel segno di un rinnovamento nel solco della continuit\u00e0 con lo spirito solidale che ha nel luogo radici profonde. Avr\u00e0 infatti sede nello stabile di via Crispi 4 precedentemente occupato dall\u2019Ordine dei Frati Minori, da molti anni crocevia di attivit\u00e0 di sostegno ai soggetti pi\u00f9 fragili della comunit\u00e0.<\/p>\n<p>\u201cLa notizia dell\u2019importante contributo stanziato da Fondazione Cariplo per il nostro progetto de \u201cLa Nuova Brunella\u201d ci riempie di grande soddisfazione\u201d, afferma <b><i>Cesarina Del Vecchio, Presidente di Fondazione Renato Piatti onlus<\/i><\/b>. \u201cSiamo ovviamente molto grati a Fondazione Cariplo: \u00e8 un risultato che conferma la bont\u00e0 e la seriet\u00e0 della nostra proposta progettuale, il cui intendimento \u00e8 quello di dare vita a una risorsa innovativa nella rete dei servizi alla persona, in grado di rispondere ai bisogni delle famiglie della citt\u00e0 di Varese e di tutto il territorio provinciale. La centralit\u00e0 del nucleo familiare \u00e8 peraltro nel nostro DNA: Fondazione Piatti ha infatti \u00a0le sue radici in Anffas (Associazione Nazionale Famiglie di persone con disabilit\u00e0 intellettiva e\/o relazionale), che promuove con forza il sostegno e l\u2019accompagnamento alla famiglia\u201d.<\/p>\n<p>\u201cAl senso di soddisfazione se ne aggiunge un altro\u201d, sottolinea Cesarina Del Vecchio, \u201cquello di una <b>grande responsabilit\u00e0 nei confronti della comunit\u00e0 varesina<\/b> e di tutta la provincia per la realizzazione efficace ed efficiente del progetto e la gestione dei finanziamenti concessi, che \u00a0coprono una quota rilevante dei capitali necessari. <b>Non possiamo e non vogliamo sederci sugli allori<\/b>: saranno anni di grande lavoro, sia per raccogliere nuovi fondi, indispensabili a completare tutti gli investimenti previsti, e portare a compimento la realizzazione, sia per aggregare la cittadinanza e i vari portatori di interesse intorno a un progetto che andr\u00e0 a beneficio di tutti, direttamente o indirettamente\u201d.<\/p>\n<p>Il nuovo Centro, che si avvarr\u00e0 della collaborazione della Fondazione Istituto \u201cLa Casa\u201d di Varese, di Anffas onlus di Varese e dell\u2019Associazione Sportiva ASA Varese nonch\u00e9 della partecipazione di ASL Varese attraverso la sua Direzione Sociale, riunir\u00e0 in un solo luogo la clinica, la riabilitazione precoce, la residenzialit\u00e0, la formazione, la ricerca, la sperimentazione scientifico-sociale nonch\u00e9 l\u2019ascolto e l\u2019accompagnamento delle famiglie. Una struttura multifunzionale che, interpretando in chiave evolutiva il <i>Piano Regionale di Sviluppo della X^ Legislatura<\/i>, potr\u00e0 porsi come \u201csportello unico di welfare\u201d e avr\u00e0 \u201cun orientamento mirato alla presa in carico della famiglia in modo complessivo, specie nelle situazioni di criticit\u00e0 (disabilit\u00e0, non autosufficienza, povert\u00e0, ecc.)\u201d.<\/p>\n<p>Le aree dedicate saranno le seguenti:<\/p>\n<ol start=\"1\">\n<li>unit\u00e0 di offerta sanitaria riabilitativa di NPIA per minori con autismo e disturbi pervasivi dello sviluppo (DPS);<\/li>\n<li>unit\u00e0 di offerta residenziale temporanea e\/o permanente per adulti con disabilit\u00e0 (Comunit\u00e0 Alloggio);<\/li>\n<li>sedi sociali di Fondazione Piatti, ANFFAS Varese e Associazione Sportiva ASA Varese;<\/li>\n<li>Centro per la famiglia in collaborazione con il Consultorio Fondazione Istituto La Casa. Rester\u00e0 invariata l\u2019ubicazione e l\u2019attivit\u00e0 dell\u2019attuale consultorio familiare accreditato della Fondazione Istituto la Casa.<\/li>\n<\/ol>\n<\/div><div style=\"padding-bottom:20px; padding-top:10px;\" class=\"hupso-share-buttons\"><!-- Hupso Share Buttons - http:\/\/www.hupso.com\/share\/ --><a class=\"hupso_toolbar\" href=\"http:\/\/www.hupso.com\/share\/\"><img decoding=\"async\" src=\"https:\/\/static.hupso.com\/share\/buttons\/share-small.png\" style=\"border:0px; padding-top:5px; float:left;\" alt=\"Share Button\"\/><\/a><script type=\"text\/javascript\">var hupso_services_t=new Array(\"Twitter\",\"Facebook\",\"Google Plus\",\"Pinterest\",\"Linkedin\",\"StumbleUpon\",\"Digg\",\"Reddit\",\"Bebo\",\"Delicious\");var hupso_background_t=\"#EAF4FF\";var hupso_border_t=\"#66CCFF\";var hupso_toolbar_size_t=\"small\";var hupso_image_folder_url = \"http:\/\/www.shincommunication.com\/wp-content\/plugins\/hupso-share-buttons-for-twitter-facebook-google\/img\/services\/\";var hupso_url_t=\"\";var hupso_title_t=\"PROGETTO DI FONDAZIONE PIATTI SELEZIONATO DA FONDAZIONE CARIPLO 1.200.000 EURO PER \u201cLA NUOVA BRUNELLA\u201d CENTRO PER LE DISABILIT\u00e0 e la famiglia\";<\/script><script type=\"text\/javascript\" src=\"https:\/\/static.hupso.com\/share\/js\/share_toolbar.js\"><\/script><!-- Hupso Share Buttons --><\/div>","protected":false},"excerpt":{"rendered":"<p>Il progetto di riqualificazione in chiave sociale dell\u2019immobile gi\u00e0 sede del seminario dei Frati Minori Francescani alla Brunella \u00e8 stato&#8230;<\/p>\n<div style=\"padding-bottom:20px; padding-top:10px;\" class=\"hupso-share-buttons\"><!-- Hupso Share Buttons - http:\/\/www.hupso.com\/share\/ --><a class=\"hupso_toolbar\" href=\"http:\/\/www.hupso.com\/share\/\"><img src=\"https:\/\/static.hupso.com\/share\/buttons\/share-small.png\" style=\"border:0px; padding-top:5px; float:left;\" alt=\"Share Button\"\/><\/a><script type=\"text\/javascript\">var hupso_services_t=new Array(\"Twitter\",\"Facebook\",\"Google Plus\",\"Pinterest\",\"Linkedin\",\"StumbleUpon\",\"Digg\",\"Reddit\",\"Bebo\",\"Delicious\");var hupso_background_t=\"#EAF4FF\";var hupso_border_t=\"#66CCFF\";var hupso_toolbar_size_t=\"small\";var hupso_image_folder_url = \"http:\/\/www.shincommunication.com\/wp-content\/plugins\/hupso-share-buttons-for-twitter-facebook-google\/img\/services\/\";var hupso_url_t=\"\";var hupso_title_t=\"PROGETTO DI FONDAZIONE PIATTI SELEZIONATO DA FONDAZIONE CARIPLO 1.200.000 EURO PER \u201cLA NUOVA BRUNELLA\u201d CENTRO PER LE DISABILIT\u00e0 e la famiglia\";<\/script><script type=\"text\/javascript\" src=\"https:\/\/static.hupso.com\/share\/js\/share_toolbar.js\"><\/script><!-- Hupso Share Buttons --><\/div>","protected":false},"author":1,"featured_media":0,"comment_status":"closed","ping_status":"closed","sticky":false,"template":"","format":"standard","meta":{"footnotes":""},"categories":[134,25],"tags":[302,300,206,303,1622,301,135],"class_list":["post-1348","post","type-post","status-publish","format-standard","hentry","category-fondazione-piatti","category-comunicati-stampa","tag-brunella","tag-cariplo","tag-disabilita","tag-finanziamento","tag-fondazione-piatti","tag-investimenti","tag-onlus"],"yoast_head":"<!-- This site is optimized with the Yoast SEO plugin v25.3.1 - https:\/\/yoast.com\/wordpress\/plugins\/seo\/ -->\n<title>PROGETTO DI FONDAZIONE PIATTI SELEZIONATO DA FONDAZIONE CARIPLO 1.200.000 EURO PER \u201cLA NUOVA BRUNELLA\u201d CENTRO PER LE DISABILIT\u00e0 e la famiglia - Shin Communication<\/title>\n<meta name=\"description\" content=\"Il progetto di riqualificazione dell\u2019immobile Frati Minori Francescani Brunella \u00e8 stato scelto nell\u2019ambito degli interventi di Fondazione Cariplo\" \/>\n<meta name=\"robots\" content=\"index, follow, max-snippet:-1, max-image-preview:large, max-video-preview:-1\" \/>\n<link rel=\"canonical\" href=\"https:\/\/www.shincommunication.com\/fr\/progetto-di-fondazione-piatti-selezionato-da-fondazione-cariplo-1-200-000-euro-per-la-nuova-brunella-centro-per-le-disabilita-e-la-famiglia\/\" \/>\n<meta property=\"og:locale\" content=\"fr_FR\" \/>\n<meta property=\"og:type\" content=\"article\" \/>\n<meta property=\"og:title\" content=\"PROGETTO DI FONDAZIONE PIATTI SELEZIONATO DA FONDAZIONE CARIPLO 1.200.000 EURO PER \u201cLA NUOVA BRUNELLA\u201d CENTRO PER LE DISABILIT\u00e0 e la famiglia - Shin Communication\" \/>\n<meta property=\"og:description\" content=\"Il progetto di riqualificazione dell\u2019immobile Frati Minori Francescani Brunella \u00e8 stato scelto nell\u2019ambito degli interventi di Fondazione Cariplo\" \/>\n<meta property=\"og:url\" content=\"https:\/\/www.shincommunication.com\/fr\/progetto-di-fondazione-piatti-selezionato-da-fondazione-cariplo-1-200-000-euro-per-la-nuova-brunella-centro-per-le-disabilita-e-la-famiglia\/\" \/>\n<meta property=\"og:site_name\" content=\"Shin Communication\" \/>\n<meta property=\"article:publisher\" content=\"https:\/\/www.facebook.com\/ShinCommunication\" \/>\n<meta property=\"article:published_time\" content=\"2014-04-02T12:15:56+00:00\" \/>\n<meta property=\"article:modified_time\" content=\"2014-04-02T12:16:49+00:00\" \/>\n<meta property=\"og:image\" content=\"http:\/\/www.shincommunication.com\/wp-content\/uploads\/2014\/04\/Crispi-224x300.jpg\" \/>\n<meta name=\"author\" content=\"Shin\" \/>\n<meta name=\"twitter:label1\" content=\"\u00c9crit par\" \/>\n\t<meta name=\"twitter:data1\" content=\"Shin\" \/>\n\t<meta name=\"twitter:label2\" content=\"Dur\u00e9e de lecture estim\u00e9e\" \/>\n\t<meta name=\"twitter:data2\" content=\"3 minutes\" \/>\n<script type=\"application\/ld+json\" class=\"yoast-schema-graph\">{\"@context\":\"https:\/\/schema.org\",\"@graph\":[{\"@type\":\"Article\",\"@id\":\"https:\/\/www.shincommunication.com\/fr\/progetto-di-fondazione-piatti-selezionato-da-fondazione-cariplo-1-200-000-euro-per-la-nuova-brunella-centro-per-le-disabilita-e-la-famiglia\/#article\",\"isPartOf\":{\"@id\":\"https:\/\/www.shincommunication.com\/fr\/progetto-di-fondazione-piatti-selezionato-da-fondazione-cariplo-1-200-000-euro-per-la-nuova-brunella-centro-per-le-disabilita-e-la-famiglia\/\"},\"author\":{\"name\":\"Shin\",\"@id\":\"https:\/\/www.shincommunication.com\/#\/schema\/person\/0c181271878e454d6408e519766100ec\"},\"headline\":\"PROGETTO DI FONDAZIONE PIATTI SELEZIONATO DA FONDAZIONE CARIPLO 1.200.000 EURO PER \u201cLA NUOVA BRUNELLA\u201d CENTRO PER LE DISABILIT\u00e0 e la famiglia\",\"datePublished\":\"2014-04-02T12:15:56+00:00\",\"dateModified\":\"2014-04-02T12:16:49+00:00\",\"mainEntityOfPage\":{\"@id\":\"https:\/\/www.shincommunication.com\/fr\/progetto-di-fondazione-piatti-selezionato-da-fondazione-cariplo-1-200-000-euro-per-la-nuova-brunella-centro-per-le-disabilita-e-la-famiglia\/\"},\"wordCount\":677,\"publisher\":{\"@id\":\"https:\/\/www.shincommunication.com\/#organization\"},\"image\":{\"@id\":\"https:\/\/www.shincommunication.com\/fr\/progetto-di-fondazione-piatti-selezionato-da-fondazione-cariplo-1-200-000-euro-per-la-nuova-brunella-centro-per-le-disabilita-e-la-famiglia\/#primaryimage\"},\"thumbnailUrl\":\"http:\/\/www.shincommunication.com\/wp-content\/uploads\/2014\/04\/Crispi-224x300.jpg\",\"keywords\":[\"Brunella\",\"Cariplo\",\"disabilit\u00e0\",\"finanziamento\",\"Fondazione Piatti\",\"investimenti\",\"onlus\"],\"articleSection\":[\"Fondazione Piatti\",\"Press Area\"],\"inLanguage\":\"fr-FR\"},{\"@type\":\"WebPage\",\"@id\":\"https:\/\/www.shincommunication.com\/fr\/progetto-di-fondazione-piatti-selezionato-da-fondazione-cariplo-1-200-000-euro-per-la-nuova-brunella-centro-per-le-disabilita-e-la-famiglia\/\",\"url\":\"https:\/\/www.shincommunication.com\/fr\/progetto-di-fondazione-piatti-selezionato-da-fondazione-cariplo-1-200-000-euro-per-la-nuova-brunella-centro-per-le-disabilita-e-la-famiglia\/\",\"name\":\"PROGETTO DI FONDAZIONE PIATTI SELEZIONATO DA FONDAZIONE CARIPLO 1.200.000 EURO PER \u201cLA NUOVA BRUNELLA\u201d CENTRO PER LE DISABILIT\u00e0 e la famiglia - Shin Communication\",\"isPartOf\":{\"@id\":\"https:\/\/www.shincommunication.com\/#website\"},\"primaryImageOfPage\":{\"@id\":\"https:\/\/www.shincommunication.com\/fr\/progetto-di-fondazione-piatti-selezionato-da-fondazione-cariplo-1-200-000-euro-per-la-nuova-brunella-centro-per-le-disabilita-e-la-famiglia\/#primaryimage\"},\"image\":{\"@id\":\"https:\/\/www.shincommunication.com\/fr\/progetto-di-fondazione-piatti-selezionato-da-fondazione-cariplo-1-200-000-euro-per-la-nuova-brunella-centro-per-le-disabilita-e-la-famiglia\/#primaryimage\"},\"thumbnailUrl\":\"http:\/\/www.shincommunication.com\/wp-content\/uploads\/2014\/04\/Crispi-224x300.jpg\",\"datePublished\":\"2014-04-02T12:15:56+00:00\",\"dateModified\":\"2014-04-02T12:16:49+00:00\",\"description\":\"Il progetto di riqualificazione dell\u2019immobile Frati Minori Francescani Brunella \u00e8 stato scelto nell\u2019ambito degli interventi di Fondazione Cariplo\",\"inLanguage\":\"fr-FR\",\"potentialAction\":[{\"@type\":\"ReadAction\",\"target\":[\"https:\/\/www.shincommunication.com\/fr\/progetto-di-fondazione-piatti-selezionato-da-fondazione-cariplo-1-200-000-euro-per-la-nuova-brunella-centro-per-le-disabilita-e-la-famiglia\/\"]}]},{\"@type\":\"ImageObject\",\"inLanguage\":\"fr-FR\",\"@id\":\"https:\/\/www.shincommunication.com\/fr\/progetto-di-fondazione-piatti-selezionato-da-fondazione-cariplo-1-200-000-euro-per-la-nuova-brunella-centro-per-le-disabilita-e-la-famiglia\/#primaryimage\",\"url\":\"http:\/\/www.shincommunication.com\/wp-content\/uploads\/2014\/04\/Crispi-224x300.jpg\",\"contentUrl\":\"http:\/\/www.shincommunication.com\/wp-content\/uploads\/2014\/04\/Crispi-224x300.jpg\"},{\"@type\":\"WebSite\",\"@id\":\"https:\/\/www.shincommunication.com\/#website\",\"url\":\"https:\/\/www.shincommunication.com\/\",\"name\":\"Shin Communication\",\"description\":\"Press Relation and more\",\"publisher\":{\"@id\":\"https:\/\/www.shincommunication.com\/#organization\"},\"potentialAction\":[{\"@type\":\"SearchAction\",\"target\":{\"@type\":\"EntryPoint\",\"urlTemplate\":\"https:\/\/www.shincommunication.com\/?s={search_term_string}\"},\"query-input\":{\"@type\":\"PropertyValueSpecification\",\"valueRequired\":true,\"valueName\":\"search_term_string\"}}],\"inLanguage\":\"fr-FR\"},{\"@type\":\"Organization\",\"@id\":\"https:\/\/www.shincommunication.com\/#organization\",\"name\":\"Shin Communication\",\"url\":\"https:\/\/www.shincommunication.com\/\",\"logo\":{\"@type\":\"ImageObject\",\"inLanguage\":\"fr-FR\",\"@id\":\"https:\/\/www.shincommunication.com\/#\/schema\/logo\/image\/\",\"url\":\"https:\/\/www.shincommunication.com\/wp-content\/uploads\/2019\/03\/logo_shin.png\",\"contentUrl\":\"https:\/\/www.shincommunication.com\/wp-content\/uploads\/2019\/03\/logo_shin.png\",\"width\":200,\"height\":200,\"caption\":\"Shin Communication\"},\"image\":{\"@id\":\"https:\/\/www.shincommunication.com\/#\/schema\/logo\/image\/\"},\"sameAs\":[\"https:\/\/www.facebook.com\/ShinCommunication\",\"https:\/\/x.com\/ShinCommunicate\",\"http:\/\/www.linkedin.com\/company\/shin-communication?trk=hb_tab_compy_id_2949876\"]},{\"@type\":\"Person\",\"@id\":\"https:\/\/www.shincommunication.com\/#\/schema\/person\/0c181271878e454d6408e519766100ec\",\"name\":\"Shin\",\"image\":{\"@type\":\"ImageObject\",\"inLanguage\":\"fr-FR\",\"@id\":\"https:\/\/www.shincommunication.com\/#\/schema\/person\/image\/\",\"url\":\"https:\/\/secure.gravatar.com\/avatar\/8312385b498db60711056d1d237fe6de?s=96&d=mm&r=g\",\"contentUrl\":\"https:\/\/secure.gravatar.com\/avatar\/8312385b498db60711056d1d237fe6de?s=96&d=mm&r=g\",\"caption\":\"Shin\"}}]}<\/script>\n<!-- \/ Yoast SEO plugin. -->","yoast_head_json":{"title":"PROGETTO DI FONDAZIONE PIATTI SELEZIONATO DA FONDAZIONE CARIPLO 1.200.000 EURO PER \u201cLA NUOVA BRUNELLA\u201d CENTRO PER LE DISABILIT\u00e0 e la famiglia - Shin Communication","description":"Il progetto di riqualificazione dell\u2019immobile Frati Minori Francescani Brunella \u00e8 stato scelto nell\u2019ambito degli interventi di Fondazione Cariplo","robots":{"index":"index","follow":"follow","max-snippet":"max-snippet:-1","max-image-preview":"max-image-preview:large","max-video-preview":"max-video-preview:-1"},"canonical":"https:\/\/www.shincommunication.com\/fr\/progetto-di-fondazione-piatti-selezionato-da-fondazione-cariplo-1-200-000-euro-per-la-nuova-brunella-centro-per-le-disabilita-e-la-famiglia\/","og_locale":"fr_FR","og_type":"article","og_title":"PROGETTO DI FONDAZIONE PIATTI SELEZIONATO DA FONDAZIONE CARIPLO 1.200.000 EURO PER \u201cLA NUOVA BRUNELLA\u201d CENTRO PER LE DISABILIT\u00e0 e la famiglia - Shin Communication","og_description":"Il progetto di riqualificazione dell\u2019immobile Frati Minori Francescani Brunella \u00e8 stato scelto nell\u2019ambito degli interventi di Fondazione Cariplo","og_url":"https:\/\/www.shincommunication.com\/fr\/progetto-di-fondazione-piatti-selezionato-da-fondazione-cariplo-1-200-000-euro-per-la-nuova-brunella-centro-per-le-disabilita-e-la-famiglia\/","og_site_name":"Shin Communication","article_publisher":"https:\/\/www.facebook.com\/ShinCommunication","article_published_time":"2014-04-02T12:15:56+00:00","article_modified_time":"2014-04-02T12:16:49+00:00","og_image":[{"url":"http:\/\/www.shincommunication.com\/wp-content\/uploads\/2014\/04\/Crispi-224x300.jpg","type":"","width":"","height":""}],"author":"Shin","twitter_misc":{"\u00c9crit par":"Shin","Dur\u00e9e de lecture estim\u00e9e":"3 minutes"},"schema":{"@context":"https:\/\/schema.org","@graph":[{"@type":"Article","@id":"https:\/\/www.shincommunication.com\/fr\/progetto-di-fondazione-piatti-selezionato-da-fondazione-cariplo-1-200-000-euro-per-la-nuova-brunella-centro-per-le-disabilita-e-la-famiglia\/#article","isPartOf":{"@id":"https:\/\/www.shincommunication.com\/fr\/progetto-di-fondazione-piatti-selezionato-da-fondazione-cariplo-1-200-000-euro-per-la-nuova-brunella-centro-per-le-disabilita-e-la-famiglia\/"},"author":{"name":"Shin","@id":"https:\/\/www.shincommunication.com\/#\/schema\/person\/0c181271878e454d6408e519766100ec"},"headline":"PROGETTO DI FONDAZIONE PIATTI SELEZIONATO DA FONDAZIONE CARIPLO 1.200.000 EURO PER \u201cLA NUOVA BRUNELLA\u201d CENTRO PER LE DISABILIT\u00e0 e la famiglia","datePublished":"2014-04-02T12:15:56+00:00","dateModified":"2014-04-02T12:16:49+00:00","mainEntityOfPage":{"@id":"https:\/\/www.shincommunication.com\/fr\/progetto-di-fondazione-piatti-selezionato-da-fondazione-cariplo-1-200-000-euro-per-la-nuova-brunella-centro-per-le-disabilita-e-la-famiglia\/"},"wordCount":677,"publisher":{"@id":"https:\/\/www.shincommunication.com\/#organization"},"image":{"@id":"https:\/\/www.shincommunication.com\/fr\/progetto-di-fondazione-piatti-selezionato-da-fondazione-cariplo-1-200-000-euro-per-la-nuova-brunella-centro-per-le-disabilita-e-la-famiglia\/#primaryimage"},"thumbnailUrl":"http:\/\/www.shincommunication.com\/wp-content\/uploads\/2014\/04\/Crispi-224x300.jpg","keywords":["Brunella","Cariplo","disabilit\u00e0","finanziamento","Fondazione Piatti","investimenti","onlus"],"articleSection":["Fondazione Piatti","Press Area"],"inLanguage":"fr-FR"},{"@type":"WebPage","@id":"https:\/\/www.shincommunication.com\/fr\/progetto-di-fondazione-piatti-selezionato-da-fondazione-cariplo-1-200-000-euro-per-la-nuova-brunella-centro-per-le-disabilita-e-la-famiglia\/","url":"https:\/\/www.shincommunication.com\/fr\/progetto-di-fondazione-piatti-selezionato-da-fondazione-cariplo-1-200-000-euro-per-la-nuova-brunella-centro-per-le-disabilita-e-la-famiglia\/","name":"PROGETTO DI FONDAZIONE PIATTI SELEZIONATO DA FONDAZIONE CARIPLO 1.200.000 EURO PER \u201cLA NUOVA BRUNELLA\u201d CENTRO PER LE DISABILIT\u00e0 e la famiglia - Shin Communication","isPartOf":{"@id":"https:\/\/www.shincommunication.com\/#website"},"primaryImageOfPage":{"@id":"https:\/\/www.shincommunication.com\/fr\/progetto-di-fondazione-piatti-selezionato-da-fondazione-cariplo-1-200-000-euro-per-la-nuova-brunella-centro-per-le-disabilita-e-la-famiglia\/#primaryimage"},"image":{"@id":"https:\/\/www.shincommunication.com\/fr\/progetto-di-fondazione-piatti-selezionato-da-fondazione-cariplo-1-200-000-euro-per-la-nuova-brunella-centro-per-le-disabilita-e-la-famiglia\/#primaryimage"},"thumbnailUrl":"http:\/\/www.shincommunication.com\/wp-content\/uploads\/2014\/04\/Crispi-224x300.jpg","datePublished":"2014-04-02T12:15:56+00:00","dateModified":"2014-04-02T12:16:49+00:00","description":"Il progetto di riqualificazione dell\u2019immobile Frati Minori Francescani Brunella \u00e8 stato scelto nell\u2019ambito degli interventi di Fondazione Cariplo","inLanguage":"fr-FR","potentialAction":[{"@type":"ReadAction","target":["https:\/\/www.shincommunication.com\/fr\/progetto-di-fondazione-piatti-selezionato-da-fondazione-cariplo-1-200-000-euro-per-la-nuova-brunella-centro-per-le-disabilita-e-la-famiglia\/"]}]},{"@type":"ImageObject","inLanguage":"fr-FR","@id":"https:\/\/www.shincommunication.com\/fr\/progetto-di-fondazione-piatti-selezionato-da-fondazione-cariplo-1-200-000-euro-per-la-nuova-brunella-centro-per-le-disabilita-e-la-famiglia\/#primaryimage","url":"http:\/\/www.shincommunication.com\/wp-content\/uploads\/2014\/04\/Crispi-224x300.jpg","contentUrl":"http:\/\/www.shincommunication.com\/wp-content\/uploads\/2014\/04\/Crispi-224x300.jpg"},{"@type":"WebSite","@id":"https:\/\/www.shincommunication.com\/#website","url":"https:\/\/www.shincommunication.com\/","name":"Shin Communication","description":"Press Relation and more","publisher":{"@id":"https:\/\/www.shincommunication.com\/#organization"},"potentialAction":[{"@type":"SearchAction","target":{"@type":"EntryPoint","urlTemplate":"https:\/\/www.shincommunication.com\/?s={search_term_string}"},"query-input":{"@type":"PropertyValueSpecification","valueRequired":true,"valueName":"search_term_string"}}],"inLanguage":"fr-FR"},{"@type":"Organization","@id":"https:\/\/www.shincommunication.com\/#organization","name":"Shin Communication","url":"https:\/\/www.shincommunication.com\/","logo":{"@type":"ImageObject","inLanguage":"fr-FR","@id":"https:\/\/www.shincommunication.com\/#\/schema\/logo\/image\/","url":"https:\/\/www.shincommunication.com\/wp-content\/uploads\/2019\/03\/logo_shin.png","contentUrl":"https:\/\/www.shincommunication.com\/wp-content\/uploads\/2019\/03\/logo_shin.png","width":200,"height":200,"caption":"Shin Communication"},"image":{"@id":"https:\/\/www.shincommunication.com\/#\/schema\/logo\/image\/"},"sameAs":["https:\/\/www.facebook.com\/ShinCommunication","https:\/\/x.com\/ShinCommunicate","http:\/\/www.linkedin.com\/company\/shin-communication?trk=hb_tab_compy_id_2949876"]},{"@type":"Person","@id":"https:\/\/www.shincommunication.com\/#\/schema\/person\/0c181271878e454d6408e519766100ec","name":"Shin","image":{"@type":"ImageObject","inLanguage":"fr-FR","@id":"https:\/\/www.shincommunication.com\/#\/schema\/person\/image\/","url":"https:\/\/secure.gravatar.com\/avatar\/8312385b498db60711056d1d237fe6de?s=96&d=mm&r=g","contentUrl":"https:\/\/secure.gravatar.com\/avatar\/8312385b498db60711056d1d237fe6de?s=96&d=mm&r=g","caption":"Shin"}}]}},"_links":{"self":[{"href":"https:\/\/www.shincommunication.com\/fr\/wp-json\/wp\/v2\/posts\/1348","targetHints":{"allow":["GET"]}}],"collection":[{"href":"https:\/\/www.shincommunication.com\/fr\/wp-json\/wp\/v2\/posts"}],"about":[{"href":"https:\/\/www.shincommunication.com\/fr\/wp-json\/wp\/v2\/types\/post"}],"author":[{"embeddable":true,"href":"https:\/\/www.shincommunication.com\/fr\/wp-json\/wp\/v2\/users\/1"}],"replies":[{"embeddable":true,"href":"https:\/\/www.shincommunication.com\/fr\/wp-json\/wp\/v2\/comments?post=1348"}],"version-history":[{"count":2,"href":"https:\/\/www.shincommunication.com\/fr\/wp-json\/wp\/v2\/posts\/1348\/revisions"}],"predecessor-version":[{"id":1351,"href":"https:\/\/www.shincommunication.com\/fr\/wp-json\/wp\/v2\/posts\/1348\/revisions\/1351"}],"wp:attachment":[{"href":"https:\/\/www.shincommunication.com\/fr\/wp-json\/wp\/v2\/media?parent=1348"}],"wp:term":[{"taxonomy":"category","embeddable":true,"href":"https:\/\/www.shincommunication.com\/fr\/wp-json\/wp\/v2\/categories?post=1348"},{"taxonomy":"post_tag","embeddable":true,"href":"https:\/\/www.shincommunication.com\/fr\/wp-json\/wp\/v2\/tags?post=1348"}],"curies":[{"name":"wp","href":"https:\/\/api.w.org\/{rel}","templated":true}]}}