
{"id":2209,"date":"2015-07-01T10:46:30","date_gmt":"2015-07-01T08:46:30","guid":{"rendered":"http:\/\/www.shincommunication.com\/?p=2209"},"modified":"2015-07-03T15:23:46","modified_gmt":"2015-07-03T13:23:46","slug":"il-eu-conferma-la-sua-collaborazione-con-euractiv-per-i-web-awards-2015","status":"publish","type":"post","link":"https:\/\/www.shincommunication.com\/en\/il-eu-conferma-la-sua-collaborazione-con-euractiv-per-i-web-awards-2015\/","title":{"rendered":"Il .eu conferma la sua collaborazione con EurActiv per i Web Awards 2015"},"content":{"rendered":"<div style=\"background-repeat: no-repeat;\"><p><b>Bruxelles, 1\u00b0 luglio 2015<\/b> \u2013 Il .eu ha confermato di recente la sua collaborazione con EurActiv per la promozione dei Web Awards 2015 del .eu. La presentazione delle candidature al concorso \u00e8 in pieno svolgimento e la relativa serata di gala si avvicina a grandi passi! La cerimonia, che sar\u00e0 presentata dal conduttore irlandese Conor McNally, si svolger\u00e0 il 18 novembre 2015 presso il Museo di Scienze Naturali di Bruxelles.<\/p>\n<p><a href=\"http:\/\/www.shincommunication.com\/wp-content\/uploads\/2015\/07\/Web-Awards_EURid.jpg\"><img loading=\"lazy\" decoding=\"async\" class=\"alignnone size-medium wp-image-2210\" alt=\"Web Awards_EURid\" src=\"http:\/\/www.shincommunication.com\/wp-content\/uploads\/2015\/07\/Web-Awards_EURid-300x178.jpg\" width=\"300\" height=\"178\" srcset=\"https:\/\/www.shincommunication.com\/wp-content\/uploads\/2015\/07\/Web-Awards_EURid-300x178.jpg 300w, https:\/\/www.shincommunication.com\/wp-content\/uploads\/2015\/07\/Web-Awards_EURid-1024x607.jpg 1024w, https:\/\/www.shincommunication.com\/wp-content\/uploads\/2015\/07\/Web-Awards_EURid.jpg 1937w\" sizes=\"auto, (max-width: 300px) 100vw, 300px\" \/><\/a><a href=\"http:\/\/www.shincommunication.com\/wp-content\/uploads\/2015\/07\/EurActive.png\"><img loading=\"lazy\" decoding=\"async\" class=\"alignnone size-medium wp-image-2211\" alt=\"EurActive\" src=\"http:\/\/www.shincommunication.com\/wp-content\/uploads\/2015\/07\/EurActive-300x212.png\" width=\"300\" height=\"212\" srcset=\"https:\/\/www.shincommunication.com\/wp-content\/uploads\/2015\/07\/EurActive-300x212.png 300w, https:\/\/www.shincommunication.com\/wp-content\/uploads\/2015\/07\/EurActive.png 842w\" sizes=\"auto, (max-width: 300px) 100vw, 300px\" \/><\/a><!--more--><\/p>\n<p><i>&#8220;Siamo lieti di avere EurActiv al nostro fianco per questa iniziativa e siamo entusiasti all&#8217;idea di collaborare con loro<\/i>. <i>Collaborare con un&#8217;impresa che comprende i vantaggi di condividere le informazioni \u00e8 fondamentale.&#8221;<\/i> ha osservato il Responsabile delle Relazioni Esterne Giovanni Seppia.<\/p>\n<p>Ma l&#8217;aggiornamento non finisce qui! Il registro dei nomi a dominio .eu ha inoltre il piacere di annunciare la nomina dei seguenti membri della giuria:<\/p>\n<p>Emily Taylor &#8211; Presidente di Giuria<\/p>\n<p>Maximilian Strotmann &#8211; Consulente della Comunicazione presso la Commissione europea<\/p>\n<p>Dominic Lyle &#8211; Direttore Generale di EACA<\/p>\n<p>Damien Mulley &#8211; Imprenditore irlandese e organizzatore dei Web Awards irlandesi<\/p>\n<p>Mark McFadden &#8211; InterConnect Communications<\/p>\n<p>Potete candidare il vostro sito web .eu preferito entro e non oltre il 1\u00ba settembre 2015 attraverso un processo automatico di candidatura on-line! I titolari dei nomi a dominio .eu possono dimostrare quanto \u00e8 innovativa la loro presenza on-line.<\/p>\n<p>Per saperne di pi\u00f9 sui Web Awards del .eu e su come partecipare potete consultare il seguente link: <a href=\"http:\/\/www.webawards.eurid.eu\/\">http:\/\/www.webawards.eurid.eu<\/a>.<\/p>\n<p>Maggiori informazioni sui nostri media partner sono disponibili al seguente link: <a href=\"http:\/\/www.euractiv.com\/\">http:\/\/www.euractiv.com\/<\/a>.<\/p>\n<\/div><div style=\"padding-bottom:20px; padding-top:10px;\" class=\"hupso-share-buttons\"><!-- Hupso Share Buttons - http:\/\/www.hupso.com\/share\/ --><a class=\"hupso_toolbar\" href=\"http:\/\/www.hupso.com\/share\/\"><img decoding=\"async\" src=\"https:\/\/static.hupso.com\/share\/buttons\/share-small.png\" style=\"border:0px; padding-top:5px; float:left;\" alt=\"Share Button\"\/><\/a><script type=\"text\/javascript\">var hupso_services_t=new Array(\"Twitter\",\"Facebook\",\"Google Plus\",\"Pinterest\",\"Linkedin\",\"StumbleUpon\",\"Digg\",\"Reddit\",\"Bebo\",\"Delicious\");var hupso_background_t=\"#EAF4FF\";var hupso_border_t=\"#66CCFF\";var hupso_toolbar_size_t=\"small\";var hupso_image_folder_url = \"http:\/\/www.shincommunication.com\/wp-content\/plugins\/hupso-share-buttons-for-twitter-facebook-google\/img\/services\/\";var hupso_url_t=\"\";var hupso_title_t=\"Il .eu conferma la sua collaborazione con EurActiv per i Web Awards 2015\";<\/script><script type=\"text\/javascript\" src=\"https:\/\/static.hupso.com\/share\/js\/share_toolbar.js\"><\/script><!-- Hupso Share Buttons --><\/div>","protected":false},"excerpt":{"rendered":"<p>Bruxelles, 1\u00b0 luglio 2015 \u2013 Il .eu ha confermato di recente la sua collaborazione con EurActiv per la promozione dei&#8230;<\/p>\n<div style=\"padding-bottom:20px; padding-top:10px;\" class=\"hupso-share-buttons\"><!-- Hupso Share Buttons - http:\/\/www.hupso.com\/share\/ --><a class=\"hupso_toolbar\" href=\"http:\/\/www.hupso.com\/share\/\"><img src=\"https:\/\/static.hupso.com\/share\/buttons\/share-small.png\" style=\"border:0px; padding-top:5px; float:left;\" alt=\"Share Button\"\/><\/a><script type=\"text\/javascript\">var hupso_services_t=new Array(\"Twitter\",\"Facebook\",\"Google Plus\",\"Pinterest\",\"Linkedin\",\"StumbleUpon\",\"Digg\",\"Reddit\",\"Bebo\",\"Delicious\");var hupso_background_t=\"#EAF4FF\";var hupso_border_t=\"#66CCFF\";var hupso_toolbar_size_t=\"small\";var hupso_image_folder_url = \"http:\/\/www.shincommunication.com\/wp-content\/plugins\/hupso-share-buttons-for-twitter-facebook-google\/img\/services\/\";var hupso_url_t=\"\";var hupso_title_t=\"Il .eu conferma la sua collaborazione con EurActiv per i Web Awards 2015\";<\/script><script type=\"text\/javascript\" src=\"https:\/\/static.hupso.com\/share\/js\/share_toolbar.js\"><\/script><!-- Hupso Share Buttons --><\/div>","protected":false},"author":1,"featured_media":0,"comment_status":"closed","ping_status":"closed","sticky":false,"template":"","format":"standard","meta":{"footnotes":""},"categories":[500,25],"tags":[517,521,1626,519],"class_list":["post-2209","post","type-post","status-publish","format-standard","hentry","category-eurid","category-comunicati-stampa","tag-eu","tag-euractiv","tag-eurid","tag-web-awards-2015"],"yoast_head":"<!-- This site is optimized with the Yoast SEO plugin v25.3.1 - https:\/\/yoast.com\/wordpress\/plugins\/seo\/ -->\n<title>Il .eu conferma la sua collaborazione con EurActiv per i Web Awards 2015 - Shin Communication<\/title>\n<meta name=\"description\" content=\"Il .eu ha confermato di recente la sua collaborazione con EurActiv per la promozione dei Web Awards 2015 del .eu. La presentazione delle candidature al concorso \u00e8 in pieno svolgimento e la relativa serata di gala si avvicina a grandi passi! La cerimonia, che sar\u00e0 presentata dal conduttore irlandese Conor McNally, si svolger\u00e0 il 18 novembre 2015 presso il Museo di Scienze Naturali di Bruxelles.\" \/>\n<meta name=\"robots\" content=\"index, follow, max-snippet:-1, max-image-preview:large, max-video-preview:-1\" \/>\n<link rel=\"canonical\" href=\"https:\/\/www.shincommunication.com\/de\/il-eu-conferma-la-sua-collaborazione-con-euractiv-per-i-web-awards-2015\/\" \/>\n<meta property=\"og:locale\" content=\"en_US\" \/>\n<meta property=\"og:type\" content=\"article\" \/>\n<meta property=\"og:title\" content=\"Il .eu conferma la sua collaborazione con EurActiv per i Web Awards 2015 - Shin Communication\" \/>\n<meta property=\"og:description\" content=\"Il .eu ha confermato di recente la sua collaborazione con EurActiv per la promozione dei Web Awards 2015 del .eu. La presentazione delle candidature al concorso \u00e8 in pieno svolgimento e la relativa serata di gala si avvicina a grandi passi! La cerimonia, che sar\u00e0 presentata dal conduttore irlandese Conor McNally, si svolger\u00e0 il 18 novembre 2015 presso il Museo di Scienze Naturali di Bruxelles.\" \/>\n<meta property=\"og:url\" content=\"https:\/\/www.shincommunication.com\/de\/il-eu-conferma-la-sua-collaborazione-con-euractiv-per-i-web-awards-2015\/\" \/>\n<meta property=\"og:site_name\" content=\"Shin Communication\" \/>\n<meta property=\"article:publisher\" content=\"https:\/\/www.facebook.com\/ShinCommunication\" \/>\n<meta property=\"article:published_time\" content=\"2015-07-01T08:46:30+00:00\" \/>\n<meta property=\"article:modified_time\" content=\"2015-07-03T13:23:46+00:00\" \/>\n<meta property=\"og:image\" content=\"http:\/\/www.shincommunication.com\/wp-content\/uploads\/2015\/07\/Web-Awards_EURid-300x178.jpg\" \/>\n<meta name=\"author\" content=\"Shin\" \/>\n<meta name=\"twitter:label1\" content=\"Written by\" \/>\n\t<meta name=\"twitter:data1\" content=\"Shin\" \/>\n\t<meta name=\"twitter:label2\" content=\"Est. reading time\" \/>\n\t<meta name=\"twitter:data2\" content=\"1 minute\" \/>\n<script type=\"application\/ld+json\" class=\"yoast-schema-graph\">{\"@context\":\"https:\/\/schema.org\",\"@graph\":[{\"@type\":\"Article\",\"@id\":\"https:\/\/www.shincommunication.com\/de\/il-eu-conferma-la-sua-collaborazione-con-euractiv-per-i-web-awards-2015\/#article\",\"isPartOf\":{\"@id\":\"https:\/\/www.shincommunication.com\/de\/il-eu-conferma-la-sua-collaborazione-con-euractiv-per-i-web-awards-2015\/\"},\"author\":{\"name\":\"Shin\",\"@id\":\"https:\/\/www.shincommunication.com\/#\/schema\/person\/0c181271878e454d6408e519766100ec\"},\"headline\":\"Il .eu conferma la sua collaborazione con EurActiv per i Web Awards 2015\",\"datePublished\":\"2015-07-01T08:46:30+00:00\",\"dateModified\":\"2015-07-03T13:23:46+00:00\",\"mainEntityOfPage\":{\"@id\":\"https:\/\/www.shincommunication.com\/de\/il-eu-conferma-la-sua-collaborazione-con-euractiv-per-i-web-awards-2015\/\"},\"wordCount\":253,\"publisher\":{\"@id\":\"https:\/\/www.shincommunication.com\/#organization\"},\"image\":{\"@id\":\"https:\/\/www.shincommunication.com\/de\/il-eu-conferma-la-sua-collaborazione-con-euractiv-per-i-web-awards-2015\/#primaryimage\"},\"thumbnailUrl\":\"http:\/\/www.shincommunication.com\/wp-content\/uploads\/2015\/07\/Web-Awards_EURid-300x178.jpg\",\"keywords\":[\".eu\",\"EurActiv\",\"EURid\",\"Web Awards 2015\"],\"articleSection\":[\"EURid\",\"Press Area\"],\"inLanguage\":\"en-US\"},{\"@type\":\"WebPage\",\"@id\":\"https:\/\/www.shincommunication.com\/de\/il-eu-conferma-la-sua-collaborazione-con-euractiv-per-i-web-awards-2015\/\",\"url\":\"https:\/\/www.shincommunication.com\/de\/il-eu-conferma-la-sua-collaborazione-con-euractiv-per-i-web-awards-2015\/\",\"name\":\"Il .eu conferma la sua collaborazione con EurActiv per i Web Awards 2015 - Shin Communication\",\"isPartOf\":{\"@id\":\"https:\/\/www.shincommunication.com\/#website\"},\"primaryImageOfPage\":{\"@id\":\"https:\/\/www.shincommunication.com\/de\/il-eu-conferma-la-sua-collaborazione-con-euractiv-per-i-web-awards-2015\/#primaryimage\"},\"image\":{\"@id\":\"https:\/\/www.shincommunication.com\/de\/il-eu-conferma-la-sua-collaborazione-con-euractiv-per-i-web-awards-2015\/#primaryimage\"},\"thumbnailUrl\":\"http:\/\/www.shincommunication.com\/wp-content\/uploads\/2015\/07\/Web-Awards_EURid-300x178.jpg\",\"datePublished\":\"2015-07-01T08:46:30+00:00\",\"dateModified\":\"2015-07-03T13:23:46+00:00\",\"description\":\"Il .eu ha confermato di recente la sua collaborazione con EurActiv per la promozione dei Web Awards 2015 del .eu. La presentazione delle candidature al concorso \u00e8 in pieno svolgimento e la relativa serata di gala si avvicina a grandi passi! La cerimonia, che sar\u00e0 presentata dal conduttore irlandese Conor McNally, si svolger\u00e0 il 18 novembre 2015 presso il Museo di Scienze Naturali di Bruxelles.\",\"inLanguage\":\"en-US\",\"potentialAction\":[{\"@type\":\"ReadAction\",\"target\":[\"https:\/\/www.shincommunication.com\/de\/il-eu-conferma-la-sua-collaborazione-con-euractiv-per-i-web-awards-2015\/\"]}]},{\"@type\":\"ImageObject\",\"inLanguage\":\"en-US\",\"@id\":\"https:\/\/www.shincommunication.com\/de\/il-eu-conferma-la-sua-collaborazione-con-euractiv-per-i-web-awards-2015\/#primaryimage\",\"url\":\"http:\/\/www.shincommunication.com\/wp-content\/uploads\/2015\/07\/Web-Awards_EURid-300x178.jpg\",\"contentUrl\":\"http:\/\/www.shincommunication.com\/wp-content\/uploads\/2015\/07\/Web-Awards_EURid-300x178.jpg\"},{\"@type\":\"WebSite\",\"@id\":\"https:\/\/www.shincommunication.com\/#website\",\"url\":\"https:\/\/www.shincommunication.com\/\",\"name\":\"Shin Communication\",\"description\":\"Press Relation and more\",\"publisher\":{\"@id\":\"https:\/\/www.shincommunication.com\/#organization\"},\"potentialAction\":[{\"@type\":\"SearchAction\",\"target\":{\"@type\":\"EntryPoint\",\"urlTemplate\":\"https:\/\/www.shincommunication.com\/?s={search_term_string}\"},\"query-input\":{\"@type\":\"PropertyValueSpecification\",\"valueRequired\":true,\"valueName\":\"search_term_string\"}}],\"inLanguage\":\"en-US\"},{\"@type\":\"Organization\",\"@id\":\"https:\/\/www.shincommunication.com\/#organization\",\"name\":\"Shin Communication\",\"url\":\"https:\/\/www.shincommunication.com\/\",\"logo\":{\"@type\":\"ImageObject\",\"inLanguage\":\"en-US\",\"@id\":\"https:\/\/www.shincommunication.com\/#\/schema\/logo\/image\/\",\"url\":\"https:\/\/www.shincommunication.com\/wp-content\/uploads\/2019\/03\/logo_shin.png\",\"contentUrl\":\"https:\/\/www.shincommunication.com\/wp-content\/uploads\/2019\/03\/logo_shin.png\",\"width\":200,\"height\":200,\"caption\":\"Shin Communication\"},\"image\":{\"@id\":\"https:\/\/www.shincommunication.com\/#\/schema\/logo\/image\/\"},\"sameAs\":[\"https:\/\/www.facebook.com\/ShinCommunication\",\"https:\/\/x.com\/ShinCommunicate\",\"http:\/\/www.linkedin.com\/company\/shin-communication?trk=hb_tab_compy_id_2949876\"]},{\"@type\":\"Person\",\"@id\":\"https:\/\/www.shincommunication.com\/#\/schema\/person\/0c181271878e454d6408e519766100ec\",\"name\":\"Shin\",\"image\":{\"@type\":\"ImageObject\",\"inLanguage\":\"en-US\",\"@id\":\"https:\/\/www.shincommunication.com\/#\/schema\/person\/image\/\",\"url\":\"https:\/\/secure.gravatar.com\/avatar\/8312385b498db60711056d1d237fe6de?s=96&d=mm&r=g\",\"contentUrl\":\"https:\/\/secure.gravatar.com\/avatar\/8312385b498db60711056d1d237fe6de?s=96&d=mm&r=g\",\"caption\":\"Shin\"}}]}<\/script>\n<!-- \/ Yoast SEO plugin. -->","yoast_head_json":{"title":"Il .eu conferma la sua collaborazione con EurActiv per i Web Awards 2015 - Shin Communication","description":"Il .eu ha confermato di recente la sua collaborazione con EurActiv per la promozione dei Web Awards 2015 del .eu. La presentazione delle candidature al concorso \u00e8 in pieno svolgimento e la relativa serata di gala si avvicina a grandi passi! La cerimonia, che sar\u00e0 presentata dal conduttore irlandese Conor McNally, si svolger\u00e0 il 18 novembre 2015 presso il Museo di Scienze Naturali di Bruxelles.","robots":{"index":"index","follow":"follow","max-snippet":"max-snippet:-1","max-image-preview":"max-image-preview:large","max-video-preview":"max-video-preview:-1"},"canonical":"https:\/\/www.shincommunication.com\/de\/il-eu-conferma-la-sua-collaborazione-con-euractiv-per-i-web-awards-2015\/","og_locale":"en_US","og_type":"article","og_title":"Il .eu conferma la sua collaborazione con EurActiv per i Web Awards 2015 - Shin Communication","og_description":"Il .eu ha confermato di recente la sua collaborazione con EurActiv per la promozione dei Web Awards 2015 del .eu. La presentazione delle candidature al concorso \u00e8 in pieno svolgimento e la relativa serata di gala si avvicina a grandi passi! La cerimonia, che sar\u00e0 presentata dal conduttore irlandese Conor McNally, si svolger\u00e0 il 18 novembre 2015 presso il Museo di Scienze Naturali di Bruxelles.","og_url":"https:\/\/www.shincommunication.com\/de\/il-eu-conferma-la-sua-collaborazione-con-euractiv-per-i-web-awards-2015\/","og_site_name":"Shin Communication","article_publisher":"https:\/\/www.facebook.com\/ShinCommunication","article_published_time":"2015-07-01T08:46:30+00:00","article_modified_time":"2015-07-03T13:23:46+00:00","og_image":[{"url":"http:\/\/www.shincommunication.com\/wp-content\/uploads\/2015\/07\/Web-Awards_EURid-300x178.jpg","type":"","width":"","height":""}],"author":"Shin","twitter_misc":{"Written by":"Shin","Est. reading time":"1 minute"},"schema":{"@context":"https:\/\/schema.org","@graph":[{"@type":"Article","@id":"https:\/\/www.shincommunication.com\/de\/il-eu-conferma-la-sua-collaborazione-con-euractiv-per-i-web-awards-2015\/#article","isPartOf":{"@id":"https:\/\/www.shincommunication.com\/de\/il-eu-conferma-la-sua-collaborazione-con-euractiv-per-i-web-awards-2015\/"},"author":{"name":"Shin","@id":"https:\/\/www.shincommunication.com\/#\/schema\/person\/0c181271878e454d6408e519766100ec"},"headline":"Il .eu conferma la sua collaborazione con EurActiv per i Web Awards 2015","datePublished":"2015-07-01T08:46:30+00:00","dateModified":"2015-07-03T13:23:46+00:00","mainEntityOfPage":{"@id":"https:\/\/www.shincommunication.com\/de\/il-eu-conferma-la-sua-collaborazione-con-euractiv-per-i-web-awards-2015\/"},"wordCount":253,"publisher":{"@id":"https:\/\/www.shincommunication.com\/#organization"},"image":{"@id":"https:\/\/www.shincommunication.com\/de\/il-eu-conferma-la-sua-collaborazione-con-euractiv-per-i-web-awards-2015\/#primaryimage"},"thumbnailUrl":"http:\/\/www.shincommunication.com\/wp-content\/uploads\/2015\/07\/Web-Awards_EURid-300x178.jpg","keywords":[".eu","EurActiv","EURid","Web Awards 2015"],"articleSection":["EURid","Press Area"],"inLanguage":"en-US"},{"@type":"WebPage","@id":"https:\/\/www.shincommunication.com\/de\/il-eu-conferma-la-sua-collaborazione-con-euractiv-per-i-web-awards-2015\/","url":"https:\/\/www.shincommunication.com\/de\/il-eu-conferma-la-sua-collaborazione-con-euractiv-per-i-web-awards-2015\/","name":"Il .eu conferma la sua collaborazione con EurActiv per i Web Awards 2015 - Shin Communication","isPartOf":{"@id":"https:\/\/www.shincommunication.com\/#website"},"primaryImageOfPage":{"@id":"https:\/\/www.shincommunication.com\/de\/il-eu-conferma-la-sua-collaborazione-con-euractiv-per-i-web-awards-2015\/#primaryimage"},"image":{"@id":"https:\/\/www.shincommunication.com\/de\/il-eu-conferma-la-sua-collaborazione-con-euractiv-per-i-web-awards-2015\/#primaryimage"},"thumbnailUrl":"http:\/\/www.shincommunication.com\/wp-content\/uploads\/2015\/07\/Web-Awards_EURid-300x178.jpg","datePublished":"2015-07-01T08:46:30+00:00","dateModified":"2015-07-03T13:23:46+00:00","description":"Il .eu ha confermato di recente la sua collaborazione con EurActiv per la promozione dei Web Awards 2015 del .eu. La presentazione delle candidature al concorso \u00e8 in pieno svolgimento e la relativa serata di gala si avvicina a grandi passi! La cerimonia, che sar\u00e0 presentata dal conduttore irlandese Conor McNally, si svolger\u00e0 il 18 novembre 2015 presso il Museo di Scienze Naturali di Bruxelles.","inLanguage":"en-US","potentialAction":[{"@type":"ReadAction","target":["https:\/\/www.shincommunication.com\/de\/il-eu-conferma-la-sua-collaborazione-con-euractiv-per-i-web-awards-2015\/"]}]},{"@type":"ImageObject","inLanguage":"en-US","@id":"https:\/\/www.shincommunication.com\/de\/il-eu-conferma-la-sua-collaborazione-con-euractiv-per-i-web-awards-2015\/#primaryimage","url":"http:\/\/www.shincommunication.com\/wp-content\/uploads\/2015\/07\/Web-Awards_EURid-300x178.jpg","contentUrl":"http:\/\/www.shincommunication.com\/wp-content\/uploads\/2015\/07\/Web-Awards_EURid-300x178.jpg"},{"@type":"WebSite","@id":"https:\/\/www.shincommunication.com\/#website","url":"https:\/\/www.shincommunication.com\/","name":"Shin Communication","description":"Press Relation and more","publisher":{"@id":"https:\/\/www.shincommunication.com\/#organization"},"potentialAction":[{"@type":"SearchAction","target":{"@type":"EntryPoint","urlTemplate":"https:\/\/www.shincommunication.com\/?s={search_term_string}"},"query-input":{"@type":"PropertyValueSpecification","valueRequired":true,"valueName":"search_term_string"}}],"inLanguage":"en-US"},{"@type":"Organization","@id":"https:\/\/www.shincommunication.com\/#organization","name":"Shin Communication","url":"https:\/\/www.shincommunication.com\/","logo":{"@type":"ImageObject","inLanguage":"en-US","@id":"https:\/\/www.shincommunication.com\/#\/schema\/logo\/image\/","url":"https:\/\/www.shincommunication.com\/wp-content\/uploads\/2019\/03\/logo_shin.png","contentUrl":"https:\/\/www.shincommunication.com\/wp-content\/uploads\/2019\/03\/logo_shin.png","width":200,"height":200,"caption":"Shin Communication"},"image":{"@id":"https:\/\/www.shincommunication.com\/#\/schema\/logo\/image\/"},"sameAs":["https:\/\/www.facebook.com\/ShinCommunication","https:\/\/x.com\/ShinCommunicate","http:\/\/www.linkedin.com\/company\/shin-communication?trk=hb_tab_compy_id_2949876"]},{"@type":"Person","@id":"https:\/\/www.shincommunication.com\/#\/schema\/person\/0c181271878e454d6408e519766100ec","name":"Shin","image":{"@type":"ImageObject","inLanguage":"en-US","@id":"https:\/\/www.shincommunication.com\/#\/schema\/person\/image\/","url":"https:\/\/secure.gravatar.com\/avatar\/8312385b498db60711056d1d237fe6de?s=96&d=mm&r=g","contentUrl":"https:\/\/secure.gravatar.com\/avatar\/8312385b498db60711056d1d237fe6de?s=96&d=mm&r=g","caption":"Shin"}}]}},"_links":{"self":[{"href":"https:\/\/www.shincommunication.com\/en\/wp-json\/wp\/v2\/posts\/2209","targetHints":{"allow":["GET"]}}],"collection":[{"href":"https:\/\/www.shincommunication.com\/en\/wp-json\/wp\/v2\/posts"}],"about":[{"href":"https:\/\/www.shincommunication.com\/en\/wp-json\/wp\/v2\/types\/post"}],"author":[{"embeddable":true,"href":"https:\/\/www.shincommunication.com\/en\/wp-json\/wp\/v2\/users\/1"}],"replies":[{"embeddable":true,"href":"https:\/\/www.shincommunication.com\/en\/wp-json\/wp\/v2\/comments?post=2209"}],"version-history":[{"count":3,"href":"https:\/\/www.shincommunication.com\/en\/wp-json\/wp\/v2\/posts\/2209\/revisions"}],"predecessor-version":[{"id":2219,"href":"https:\/\/www.shincommunication.com\/en\/wp-json\/wp\/v2\/posts\/2209\/revisions\/2219"}],"wp:attachment":[{"href":"https:\/\/www.shincommunication.com\/en\/wp-json\/wp\/v2\/media?parent=2209"}],"wp:term":[{"taxonomy":"category","embeddable":true,"href":"https:\/\/www.shincommunication.com\/en\/wp-json\/wp\/v2\/categories?post=2209"},{"taxonomy":"post_tag","embeddable":true,"href":"https:\/\/www.shincommunication.com\/en\/wp-json\/wp\/v2\/tags?post=2209"}],"curies":[{"name":"wp","href":"https:\/\/api.w.org\/{rel}","templated":true}]}}