
{"id":1440,"date":"2014-05-15T15:31:56","date_gmt":"2014-05-15T13:31:56","guid":{"rendered":"http:\/\/www.shincommunication.com\/?p=1440"},"modified":"2014-05-15T16:33:51","modified_gmt":"2014-05-15T14:33:51","slug":"la-nuova-brunella-il-15-maggio-2014-prima-pietra-per-il-futuro-centro-per-le-disabilita-e-la-famiglia","status":"publish","type":"post","link":"https:\/\/www.shincommunication.com\/en\/la-nuova-brunella-il-15-maggio-2014-prima-pietra-per-il-futuro-centro-per-le-disabilita-e-la-famiglia\/","title":{"rendered":"&#8220;La Nuova Brunella&#8221;, il 15 maggio 2014 prima pietra per il futuro Centro per le Disabilit\u00e0 e la Famiglia"},"content":{"rendered":"<div style=\"background-repeat: no-repeat;\"><p align=\"center\"><i>In occasione della 20^ Giornata internazionale della Famiglia, Fondazione Renato Piatti onlus d\u00e0 ufficialmente il via alla realizzazione del nuovo Centro multifunzionale che avr\u00e0 sede nell&#8217;ex seminario dei Frati Francescani della Brunella <\/i><i>a Varese.<\/i><i> Persona, famiglia, disabilit\u00e0 i punti cardine del progetto. Il contributo &#8220;emblematico&#8221; di Fondazione Cariplo.<\/i><\/p>\n<p><b>\u00a0<\/b><\/p>\n<p><strong>Varese, 15 Maggio 2014 &#8211; Fondazione Renato Piatti onlus<\/strong>\u00a0oggi, in occasione della 20^ Giornata Internazionale della Famiglia ha\u00a0annunciato la posa della prima pietra del Centro per le Disabilit\u00e0 e la Famiglia<strong><i> \u201cLa Nuova Brunella\u201d.<\/i><\/strong><\/p>\n<p>E&#8217; stata una posa &#8220;virtuale&#8221;, dal momento che dar\u00e0 il via alla ristrutturazione di un edificio preesistente, quello di via Crispi, 4 occupato fino ad alcuni mesi fa dai Frati Francescani. E intende comunque chiamare a raccolta la citt\u00e0 di Varese e in particolare la comunit\u00e0 del quartiere affinch\u00e9 diventi partecipe di un progetto denominato <strong><i>&#8220;La Nuova Brunella<\/i><i> \u2013 Centro per le Disabilit\u00e0 e la Famiglia&#8221;<\/i><\/strong> proprio perch\u00e9 si propone di operare un rinnovamento in linea di continuit\u00e0 con lo spirito solidale che ha nel luogo radici profonde.<\/p>\n<p>Il progetto del Centro per le Disabilit\u00e0 e la Famiglia \u00e8 stato messo a punto da Fondazione Renato Piatti onlus in collaborazione con <b>Anffas onlus di Varese<\/b> e <b>Fondazione Istituto La Casa di Varese onlus<\/b>, a cui si \u00e8 poi aggiunta la <b>Direzione Sociale<\/b><b> di Asl Varese<\/b>. Lo scorso 29 Ottobre 2013 \u00e8 stato presentato con una conferenza a cui hanno preso parte il Presidente della Regione Lombardia, Roberto Maroni, il Commissario Straordinario alla Provincia di Varese, Dario Galli, e il Sindaco di Varese, Attilio Fontana. Nell&#8217;occasione, i tre massimi rappresentanti del governo locale hanno confermato pieno sostegno all&#8217;iniziativa.<\/p>\n<p>Il nuovo Centro riunir\u00e0 in un solo luogo la clinica, la riabilitazione precoce, la residenzialit\u00e0, la formazione, la ricerca, la sperimentazione scientifico-sociale nonch\u00e9 l\u2019ascolto e l\u2019accompagnamento delle famiglie. Una struttura <b>multifunzionale<\/b> che, interpretando in chiave evolutiva il <i>Piano Regionale di Sviluppo della X Legislatura<\/i>, potr\u00e0 porsi come \u201csportello unico di welfare\u201d e avr\u00e0 un orientamento mirato alla <b>presa in carico della famiglia in modo complessivo<\/b>, specie nelle situazioni di criticit\u00e0 (disabilit\u00e0, non autosufficienza, povert\u00e0).<\/p>\n<p>I <b>punti cardine<\/b> de &#8220;La Nuova Brunella&#8221; sono espressi nel <b>logo<\/b> che \u00e8 stato appositamente disegnato: <b>persona<\/b>, <b>famiglia<\/b>, <b>disabilit\u00e0<\/b> sono &#8220;al centro&#8221; di una missione di cura che trova in un luogo fisico l&#8217;elemento unificante. Un luogo fisico che, con la sua storia, ha un posto di riguardo nel cuore di tutti i varesini.<\/p>\n<p>Il progetto del Centro per le Disabilit\u00e0 e la Famiglia \u00e8 stato selezionato da <b>Fondazione Cariplo<\/b> nell\u2019ambito del piano degli <b>\u201cInterventi Emblematici\u201d<\/b> riservato per il 2013 ai territori di Varese e di Como, con un contributo di 1.200.000 euro.<\/p>\n<p>\u201cSiamo molto grati a Fondazione Cariplo, che con il suo importantissimo contributo avvalora il nostro intendimento di dare vita a una risorsa innovativa nella rete dei servizi alla persona, in grado di rispondere ai bisogni delle famiglie della citt\u00e0 di Varese e di tutto il territorio provinciale\u201d ha affermato <b>Cesarina Del Vecchio, Presidente di Fondazione Renato Piatti onlus.<\/b> \u201cLa posa della prima pietra \u00e8, come sempre, l&#8217;inizio di un percorso. Ci aspetta un grande lavoro: sia per raccogliere i fondi necessari a completare gli investimenti sia per aggregare la cittadinanza e i vari portatori di interesse intorno agli obiettivi del Centro. La cui attivit\u00e0 andr\u00e0 a beneficio, direttamente e indirettamente, di tutta la comunit\u00e0\u201d.<\/p>\n<p><b>\u00a0<a href=\"http:\/\/www.shincommunication.com\/wp-content\/uploads\/2014\/05\/IMG_2965.jpg\"><img loading=\"lazy\" decoding=\"async\" class=\"alignnone size-medium wp-image-1441\" alt=\"IMG_2965\" src=\"http:\/\/www.shincommunication.com\/wp-content\/uploads\/2014\/05\/IMG_2965-300x168.jpg\" width=\"300\" height=\"168\" srcset=\"https:\/\/www.shincommunication.com\/wp-content\/uploads\/2014\/05\/IMG_2965-300x168.jpg 300w, https:\/\/www.shincommunication.com\/wp-content\/uploads\/2014\/05\/IMG_2965-1024x575.jpg 1024w\" sizes=\"auto, (max-width: 300px) 100vw, 300px\" \/><\/a>\u00a0 \u00a0 \u00a0 \u00a0 \u00a0 \u00a0 \u00a0 \u00a0 \u00a0 \u00a0 \u00a0 \u00a0 \u00a0\u00a0<a href=\"http:\/\/www.shincommunication.com\/wp-content\/uploads\/2014\/05\/IMG_3009.jpg\"><img loading=\"lazy\" decoding=\"async\" class=\"alignnone size-medium wp-image-1442\" alt=\"IMG_3009\" src=\"http:\/\/www.shincommunication.com\/wp-content\/uploads\/2014\/05\/IMG_3009-300x168.jpg\" width=\"300\" height=\"168\" srcset=\"https:\/\/www.shincommunication.com\/wp-content\/uploads\/2014\/05\/IMG_3009-300x168.jpg 300w, https:\/\/www.shincommunication.com\/wp-content\/uploads\/2014\/05\/IMG_3009-1024x575.jpg 1024w\" sizes=\"auto, (max-width: 300px) 100vw, 300px\" \/><\/a><\/b><\/p>\n<p><!--more--><\/p>\n<p><strong><span style=\"text-decoration: underline;\">La risposta ai bisogni delle famiglie<\/span><\/strong><\/p>\n<p>Il Centro per le Disabilit\u00e0 e la Famiglia risponder\u00e0 ai bisogni crescenti delle persone con disabilit\u00e0 e delle famiglie che vivono in una condizione di fragilit\u00e0.<\/p>\n<p>Pi\u00f9 specificamente nel centro ci si prender\u00e0 carico di queste esigenze:<\/p>\n<ul>\n<li><i>intervento riabilitativo e abilitativo precoce per i bambini con autismo o con disturbi pervasivi dello sviluppo<\/i>. L\u2019importanza della precocit\u00e0 \u00e8 richiamata dalla Linea Guida sul trattamento dei disturbi dello spettro autistico nei bambini e negli adolescenti, pubblicata nel 2011 dall\u2019Istituto Superiore di Sanit\u00e0.<\/li>\n<\/ul>\n<p>Secondo recenti stime internazionali, l\u2019incidenza dei disturbi pervasivi dello sviluppo \u00e8 di 1 bambino ogni 68 nati negli Stati Uniti e di 62 minori su 10 mila, ovvero 1 su 150, in Europa.<\/p>\n<ul>\n<li><i>residenzialit\u00e0 temporanea o permanente di persone adulte con disabilit\u00e0 intellettiva e relazionale, anche in prospettiva di futura vita indipendente:<\/i> attualmente sono circa 20 i casi che nei servizi diurni di Fondazione Piatti necessitano di questo tipo di risposta, senza contare le numerose richieste provenienti dal resto del territorio del comune di Varese e della provincia.<\/li>\n<li><i>formazione, ricerca e sperimentazione specifica sulle fragilit\u00e0<\/i>, per garantire una sempre migliore qualit\u00e0 di vita alle persone colpite e al nucleo familiare.<\/li>\n<li><i>avviamento di un punto unico di ascolto e di accompagnamento da offrire alla famiglia<\/i>, intesa come prima maglia della rete di assistenza e soggetto propositivo di soluzioni.<\/li>\n<\/ul>\n<p><b>\u00a0<\/b><\/p>\n<p><b><\/b><strong><span style=\"text-decoration: underline;\">I compagni di viaggio<\/span><\/strong><\/p>\n<p>Nella realizzazione del progetto, Fondazione Piatti ha al proprio fianco Anffas onlus di Varese, Fondazione Istituto La Casa di Varese onlus e la Direzione Sociale dell\u2019Asl di Varese.<\/p>\n<p><b>Anffas onlus di Varese<\/b>, rinnovando il suo costante supporto a Fondazione Piatti, vede nel progetto una opportunit\u00e0 decisiva per dare accoglienza alle istanze delle famiglie, che rappresentano da sempre il cuore della sua missione.<\/p>\n<p>Dal canto suo, <b>Fondazione Istituto La Casa di Varese onlus<\/b> \u2013 che offre dal 1966 un servizio di consultorio familiare, successivamente accreditato dalla Regione Lombardia \u2013 collabora dal 2012 con Fondazione Piatti allo sviluppo di una formula sperimentale di Centro per la Famiglia, dedicato ad accogliere le pi\u00f9 ampie richieste dei nuclei familiari in stato di fragilit\u00e0 e difficolt\u00e0, nello spirito delle \u201cLinee guida per l\u2019attivazione di sperimentazioni nell\u2019ambito delle politiche di welfare\u201d (Dgr. n. 3239 &#8211; 4 aprile 2013).<\/p>\n<p>Infine, la <b>Direzione Sociale<\/b><b> dell\u2019ASL di Varese<\/b> ha riconosciuto l\u2019importanza del progetto per la realt\u00e0 locale ma soprattutto il valore in termini di innovazione dei servizi, con l\u2019opportunit\u00e0 di sperimentare ci\u00f2 che le linee programmatiche regionali definiscono \u201csportello unico del welfare\u201d.<\/p>\n<p>&nbsp;<\/p>\n<p><strong><span style=\"text-decoration: underline;\">Come sar\u00e0 articolato il centro<\/span><\/strong><\/p>\n<p>Il Centro per le Disabilit\u00e0 e la Famiglia riunir\u00e0 in un unico luogo pi\u00f9 unit\u00e0 di offerta in grado di assicurare alla persona con disabilit\u00e0, alla sua famiglia, alle istituzioni pubbliche preposte e alla comunit\u00e0 in generale, interventi di cura, assistenza e sostegno, secondo le necessit\u00e0 che si manifestano nel corso della vita: dalla riabilitazione precoce infantile al \u201cDopo di Noi\u201d.<\/p>\n<p>I cinque piani del complesso della Brunella verranno completamente riqualificati per accogliere:<\/p>\n<ul>\n<li>al piano terra: unit\u00e0 di offerta sanitaria riabilitativa per minori con autismo e disturbi pervasivi dello sviluppo (DPS);<\/li>\n<li>al primo piano: unit\u00e0 di offerta residenziale temporanea e\/o permanente per adulti con disabilit\u00e0 (Comunit\u00e0 Alloggio);<\/li>\n<li>al secondo piano: sedi sociali di Fondazione Piatti, Anffas Varese e Associazione Sportiva ASA Varese;<\/li>\n<li>al terzo piano: Centro per la famiglia in collaborazione con il Consultorio Fondazione Istituto La Casa.<\/li>\n<li>al quarto piano: rester\u00e0 invariata l\u2019ubicazione e l\u2019attivit\u00e0 dell\u2019attuale consultorio familiare accreditato della Fondazione Istituto la Casa.<\/li>\n<\/ul>\n<p>&nbsp;<\/p>\n<p>&nbsp;<\/p>\n<\/div><div style=\"padding-bottom:20px; padding-top:10px;\" class=\"hupso-share-buttons\"><!-- Hupso Share Buttons - http:\/\/www.hupso.com\/share\/ --><a class=\"hupso_toolbar\" href=\"http:\/\/www.hupso.com\/share\/\"><img decoding=\"async\" src=\"https:\/\/static.hupso.com\/share\/buttons\/share-small.png\" style=\"border:0px; padding-top:5px; float:left;\" alt=\"Share Button\"\/><\/a><script type=\"text\/javascript\">var hupso_services_t=new Array(\"Twitter\",\"Facebook\",\"Google Plus\",\"Pinterest\",\"Linkedin\",\"StumbleUpon\",\"Digg\",\"Reddit\",\"Bebo\",\"Delicious\");var hupso_background_t=\"#EAF4FF\";var hupso_border_t=\"#66CCFF\";var hupso_toolbar_size_t=\"small\";var hupso_image_folder_url = \"http:\/\/www.shincommunication.com\/wp-content\/plugins\/hupso-share-buttons-for-twitter-facebook-google\/img\/services\/\";var hupso_url_t=\"\";var hupso_title_t=\"&quot;La Nuova Brunella&quot;, il 15 maggio 2014 prima pietra per il futuro Centro per le Disabilit\u00e0 e la Famiglia \";<\/script><script type=\"text\/javascript\" src=\"https:\/\/static.hupso.com\/share\/js\/share_toolbar.js\"><\/script><!-- Hupso Share Buttons --><\/div>","protected":false},"excerpt":{"rendered":"<p>In occasione della 20^ Giornata internazionale della Famiglia, Fondazione Renato Piatti onlus d\u00e0 ufficialmente il via alla realizzazione del nuovo&#8230;<\/p>\n<div style=\"padding-bottom:20px; padding-top:10px;\" class=\"hupso-share-buttons\"><!-- Hupso Share Buttons - http:\/\/www.hupso.com\/share\/ --><a class=\"hupso_toolbar\" href=\"http:\/\/www.hupso.com\/share\/\"><img src=\"https:\/\/static.hupso.com\/share\/buttons\/share-small.png\" style=\"border:0px; padding-top:5px; float:left;\" alt=\"Share Button\"\/><\/a><script type=\"text\/javascript\">var hupso_services_t=new Array(\"Twitter\",\"Facebook\",\"Google Plus\",\"Pinterest\",\"Linkedin\",\"StumbleUpon\",\"Digg\",\"Reddit\",\"Bebo\",\"Delicious\");var hupso_background_t=\"#EAF4FF\";var hupso_border_t=\"#66CCFF\";var hupso_toolbar_size_t=\"small\";var hupso_image_folder_url = \"http:\/\/www.shincommunication.com\/wp-content\/plugins\/hupso-share-buttons-for-twitter-facebook-google\/img\/services\/\";var hupso_url_t=\"\";var hupso_title_t=\"&quot;La Nuova Brunella&quot;, il 15 maggio 2014 prima pietra per il futuro Centro per le Disabilit\u00e0 e la Famiglia \";<\/script><script type=\"text\/javascript\" src=\"https:\/\/static.hupso.com\/share\/js\/share_toolbar.js\"><\/script><!-- Hupso Share Buttons --><\/div>","protected":false},"author":1,"featured_media":0,"comment_status":"closed","ping_status":"closed","sticky":false,"template":"","format":"standard","meta":{"footnotes":""},"categories":[134,25],"tags":[286,131,206,325,1622,329,328,205],"class_list":["post-1440","post","type-post","status-publish","format-standard","hentry","category-fondazione-piatti","category-comunicati-stampa","tag-anffas","tag-autismo","tag-disabilita","tag-famiglia","tag-fondazione-piatti","tag-la-nuova-brunella","tag-prima-pietra","tag-varese"],"yoast_head":"<!-- This site is optimized with the Yoast SEO plugin v25.3.1 - https:\/\/yoast.com\/wordpress\/plugins\/seo\/ -->\n<title>&quot;La Nuova Brunella&quot;, il 15 maggio 2014 prima pietra per il futuro Centro per le Disabilit\u00e0 e la Famiglia  - Shin Communication<\/title>\n<meta name=\"description\" content=\"In occasione della 20^ Giornata internazionale della Famiglia, Fondazione Renato Piatti onlus d\u00e0 il via alla realizzazione del nuovo Centro multifunzionale\" \/>\n<meta name=\"robots\" content=\"index, follow, max-snippet:-1, max-image-preview:large, max-video-preview:-1\" \/>\n<link rel=\"canonical\" href=\"https:\/\/www.shincommunication.com\/en\/la-nuova-brunella-il-15-maggio-2014-prima-pietra-per-il-futuro-centro-per-le-disabilita-e-la-famiglia\/\" \/>\n<meta property=\"og:locale\" content=\"en_US\" \/>\n<meta property=\"og:type\" content=\"article\" \/>\n<meta property=\"og:title\" content=\"&quot;La Nuova Brunella&quot;, il 15 maggio 2014 prima pietra per il futuro Centro per le Disabilit\u00e0 e la Famiglia  - Shin Communication\" \/>\n<meta property=\"og:description\" content=\"In occasione della 20^ Giornata internazionale della Famiglia, Fondazione Renato Piatti onlus d\u00e0 il via alla realizzazione del nuovo Centro multifunzionale\" \/>\n<meta property=\"og:url\" content=\"https:\/\/www.shincommunication.com\/en\/la-nuova-brunella-il-15-maggio-2014-prima-pietra-per-il-futuro-centro-per-le-disabilita-e-la-famiglia\/\" \/>\n<meta property=\"og:site_name\" content=\"Shin Communication\" \/>\n<meta property=\"article:publisher\" content=\"https:\/\/www.facebook.com\/ShinCommunication\" \/>\n<meta property=\"article:published_time\" content=\"2014-05-15T13:31:56+00:00\" \/>\n<meta property=\"article:modified_time\" content=\"2014-05-15T14:33:51+00:00\" \/>\n<meta property=\"og:image\" content=\"http:\/\/www.shincommunication.com\/wp-content\/uploads\/2014\/05\/IMG_2965-300x168.jpg\" \/>\n<meta name=\"author\" content=\"Shin\" \/>\n<meta name=\"twitter:label1\" content=\"Written by\" \/>\n\t<meta name=\"twitter:data1\" content=\"Shin\" \/>\n\t<meta name=\"twitter:label2\" content=\"Est. reading time\" \/>\n\t<meta name=\"twitter:data2\" content=\"6 minutes\" \/>\n<script type=\"application\/ld+json\" class=\"yoast-schema-graph\">{\"@context\":\"https:\/\/schema.org\",\"@graph\":[{\"@type\":\"Article\",\"@id\":\"https:\/\/www.shincommunication.com\/en\/la-nuova-brunella-il-15-maggio-2014-prima-pietra-per-il-futuro-centro-per-le-disabilita-e-la-famiglia\/#article\",\"isPartOf\":{\"@id\":\"https:\/\/www.shincommunication.com\/en\/la-nuova-brunella-il-15-maggio-2014-prima-pietra-per-il-futuro-centro-per-le-disabilita-e-la-famiglia\/\"},\"author\":{\"name\":\"Shin\",\"@id\":\"https:\/\/www.shincommunication.com\/#\/schema\/person\/0c181271878e454d6408e519766100ec\"},\"headline\":\"&#8220;La Nuova Brunella&#8221;, il 15 maggio 2014 prima pietra per il futuro Centro per le Disabilit\u00e0 e la Famiglia\",\"datePublished\":\"2014-05-15T13:31:56+00:00\",\"dateModified\":\"2014-05-15T14:33:51+00:00\",\"mainEntityOfPage\":{\"@id\":\"https:\/\/www.shincommunication.com\/en\/la-nuova-brunella-il-15-maggio-2014-prima-pietra-per-il-futuro-centro-per-le-disabilita-e-la-famiglia\/\"},\"wordCount\":1125,\"publisher\":{\"@id\":\"https:\/\/www.shincommunication.com\/#organization\"},\"image\":{\"@id\":\"https:\/\/www.shincommunication.com\/en\/la-nuova-brunella-il-15-maggio-2014-prima-pietra-per-il-futuro-centro-per-le-disabilita-e-la-famiglia\/#primaryimage\"},\"thumbnailUrl\":\"http:\/\/www.shincommunication.com\/wp-content\/uploads\/2014\/05\/IMG_2965-300x168.jpg\",\"keywords\":[\"Anffas\",\"Autismo\",\"disabilit\u00e0\",\"famiglia\",\"Fondazione Piatti\",\"La Nuova Brunella\",\"prima pietra\",\"Varese\"],\"articleSection\":[\"Fondazione Piatti\",\"Press Area\"],\"inLanguage\":\"en-US\"},{\"@type\":\"WebPage\",\"@id\":\"https:\/\/www.shincommunication.com\/en\/la-nuova-brunella-il-15-maggio-2014-prima-pietra-per-il-futuro-centro-per-le-disabilita-e-la-famiglia\/\",\"url\":\"https:\/\/www.shincommunication.com\/en\/la-nuova-brunella-il-15-maggio-2014-prima-pietra-per-il-futuro-centro-per-le-disabilita-e-la-famiglia\/\",\"name\":\"\\\"La Nuova Brunella\\\", il 15 maggio 2014 prima pietra per il futuro Centro per le Disabilit\u00e0 e la Famiglia - Shin Communication\",\"isPartOf\":{\"@id\":\"https:\/\/www.shincommunication.com\/#website\"},\"primaryImageOfPage\":{\"@id\":\"https:\/\/www.shincommunication.com\/en\/la-nuova-brunella-il-15-maggio-2014-prima-pietra-per-il-futuro-centro-per-le-disabilita-e-la-famiglia\/#primaryimage\"},\"image\":{\"@id\":\"https:\/\/www.shincommunication.com\/en\/la-nuova-brunella-il-15-maggio-2014-prima-pietra-per-il-futuro-centro-per-le-disabilita-e-la-famiglia\/#primaryimage\"},\"thumbnailUrl\":\"http:\/\/www.shincommunication.com\/wp-content\/uploads\/2014\/05\/IMG_2965-300x168.jpg\",\"datePublished\":\"2014-05-15T13:31:56+00:00\",\"dateModified\":\"2014-05-15T14:33:51+00:00\",\"description\":\"In occasione della 20^ Giornata internazionale della Famiglia, Fondazione Renato Piatti onlus d\u00e0 il via alla realizzazione del nuovo Centro multifunzionale\",\"inLanguage\":\"en-US\",\"potentialAction\":[{\"@type\":\"ReadAction\",\"target\":[\"https:\/\/www.shincommunication.com\/en\/la-nuova-brunella-il-15-maggio-2014-prima-pietra-per-il-futuro-centro-per-le-disabilita-e-la-famiglia\/\"]}]},{\"@type\":\"ImageObject\",\"inLanguage\":\"en-US\",\"@id\":\"https:\/\/www.shincommunication.com\/en\/la-nuova-brunella-il-15-maggio-2014-prima-pietra-per-il-futuro-centro-per-le-disabilita-e-la-famiglia\/#primaryimage\",\"url\":\"http:\/\/www.shincommunication.com\/wp-content\/uploads\/2014\/05\/IMG_2965-300x168.jpg\",\"contentUrl\":\"http:\/\/www.shincommunication.com\/wp-content\/uploads\/2014\/05\/IMG_2965-300x168.jpg\"},{\"@type\":\"WebSite\",\"@id\":\"https:\/\/www.shincommunication.com\/#website\",\"url\":\"https:\/\/www.shincommunication.com\/\",\"name\":\"Shin Communication\",\"description\":\"Press Relation and more\",\"publisher\":{\"@id\":\"https:\/\/www.shincommunication.com\/#organization\"},\"potentialAction\":[{\"@type\":\"SearchAction\",\"target\":{\"@type\":\"EntryPoint\",\"urlTemplate\":\"https:\/\/www.shincommunication.com\/?s={search_term_string}\"},\"query-input\":{\"@type\":\"PropertyValueSpecification\",\"valueRequired\":true,\"valueName\":\"search_term_string\"}}],\"inLanguage\":\"en-US\"},{\"@type\":\"Organization\",\"@id\":\"https:\/\/www.shincommunication.com\/#organization\",\"name\":\"Shin Communication\",\"url\":\"https:\/\/www.shincommunication.com\/\",\"logo\":{\"@type\":\"ImageObject\",\"inLanguage\":\"en-US\",\"@id\":\"https:\/\/www.shincommunication.com\/#\/schema\/logo\/image\/\",\"url\":\"https:\/\/www.shincommunication.com\/wp-content\/uploads\/2019\/03\/logo_shin.png\",\"contentUrl\":\"https:\/\/www.shincommunication.com\/wp-content\/uploads\/2019\/03\/logo_shin.png\",\"width\":200,\"height\":200,\"caption\":\"Shin Communication\"},\"image\":{\"@id\":\"https:\/\/www.shincommunication.com\/#\/schema\/logo\/image\/\"},\"sameAs\":[\"https:\/\/www.facebook.com\/ShinCommunication\",\"https:\/\/x.com\/ShinCommunicate\",\"http:\/\/www.linkedin.com\/company\/shin-communication?trk=hb_tab_compy_id_2949876\"]},{\"@type\":\"Person\",\"@id\":\"https:\/\/www.shincommunication.com\/#\/schema\/person\/0c181271878e454d6408e519766100ec\",\"name\":\"Shin\",\"image\":{\"@type\":\"ImageObject\",\"inLanguage\":\"en-US\",\"@id\":\"https:\/\/www.shincommunication.com\/#\/schema\/person\/image\/\",\"url\":\"https:\/\/secure.gravatar.com\/avatar\/8312385b498db60711056d1d237fe6de?s=96&d=mm&r=g\",\"contentUrl\":\"https:\/\/secure.gravatar.com\/avatar\/8312385b498db60711056d1d237fe6de?s=96&d=mm&r=g\",\"caption\":\"Shin\"}}]}<\/script>\n<!-- \/ Yoast SEO plugin. -->","yoast_head_json":{"title":"\"La Nuova Brunella\", il 15 maggio 2014 prima pietra per il futuro Centro per le Disabilit\u00e0 e la Famiglia  - Shin Communication","description":"In occasione della 20^ Giornata internazionale della Famiglia, Fondazione Renato Piatti onlus d\u00e0 il via alla realizzazione del nuovo Centro multifunzionale","robots":{"index":"index","follow":"follow","max-snippet":"max-snippet:-1","max-image-preview":"max-image-preview:large","max-video-preview":"max-video-preview:-1"},"canonical":"https:\/\/www.shincommunication.com\/en\/la-nuova-brunella-il-15-maggio-2014-prima-pietra-per-il-futuro-centro-per-le-disabilita-e-la-famiglia\/","og_locale":"en_US","og_type":"article","og_title":"\"La Nuova Brunella\", il 15 maggio 2014 prima pietra per il futuro Centro per le Disabilit\u00e0 e la Famiglia  - Shin Communication","og_description":"In occasione della 20^ Giornata internazionale della Famiglia, Fondazione Renato Piatti onlus d\u00e0 il via alla realizzazione del nuovo Centro multifunzionale","og_url":"https:\/\/www.shincommunication.com\/en\/la-nuova-brunella-il-15-maggio-2014-prima-pietra-per-il-futuro-centro-per-le-disabilita-e-la-famiglia\/","og_site_name":"Shin Communication","article_publisher":"https:\/\/www.facebook.com\/ShinCommunication","article_published_time":"2014-05-15T13:31:56+00:00","article_modified_time":"2014-05-15T14:33:51+00:00","og_image":[{"url":"http:\/\/www.shincommunication.com\/wp-content\/uploads\/2014\/05\/IMG_2965-300x168.jpg","type":"","width":"","height":""}],"author":"Shin","twitter_misc":{"Written by":"Shin","Est. reading time":"6 minutes"},"schema":{"@context":"https:\/\/schema.org","@graph":[{"@type":"Article","@id":"https:\/\/www.shincommunication.com\/en\/la-nuova-brunella-il-15-maggio-2014-prima-pietra-per-il-futuro-centro-per-le-disabilita-e-la-famiglia\/#article","isPartOf":{"@id":"https:\/\/www.shincommunication.com\/en\/la-nuova-brunella-il-15-maggio-2014-prima-pietra-per-il-futuro-centro-per-le-disabilita-e-la-famiglia\/"},"author":{"name":"Shin","@id":"https:\/\/www.shincommunication.com\/#\/schema\/person\/0c181271878e454d6408e519766100ec"},"headline":"&#8220;La Nuova Brunella&#8221;, il 15 maggio 2014 prima pietra per il futuro Centro per le Disabilit\u00e0 e la Famiglia","datePublished":"2014-05-15T13:31:56+00:00","dateModified":"2014-05-15T14:33:51+00:00","mainEntityOfPage":{"@id":"https:\/\/www.shincommunication.com\/en\/la-nuova-brunella-il-15-maggio-2014-prima-pietra-per-il-futuro-centro-per-le-disabilita-e-la-famiglia\/"},"wordCount":1125,"publisher":{"@id":"https:\/\/www.shincommunication.com\/#organization"},"image":{"@id":"https:\/\/www.shincommunication.com\/en\/la-nuova-brunella-il-15-maggio-2014-prima-pietra-per-il-futuro-centro-per-le-disabilita-e-la-famiglia\/#primaryimage"},"thumbnailUrl":"http:\/\/www.shincommunication.com\/wp-content\/uploads\/2014\/05\/IMG_2965-300x168.jpg","keywords":["Anffas","Autismo","disabilit\u00e0","famiglia","Fondazione Piatti","La Nuova Brunella","prima pietra","Varese"],"articleSection":["Fondazione Piatti","Press Area"],"inLanguage":"en-US"},{"@type":"WebPage","@id":"https:\/\/www.shincommunication.com\/en\/la-nuova-brunella-il-15-maggio-2014-prima-pietra-per-il-futuro-centro-per-le-disabilita-e-la-famiglia\/","url":"https:\/\/www.shincommunication.com\/en\/la-nuova-brunella-il-15-maggio-2014-prima-pietra-per-il-futuro-centro-per-le-disabilita-e-la-famiglia\/","name":"\"La Nuova Brunella\", il 15 maggio 2014 prima pietra per il futuro Centro per le Disabilit\u00e0 e la Famiglia - Shin Communication","isPartOf":{"@id":"https:\/\/www.shincommunication.com\/#website"},"primaryImageOfPage":{"@id":"https:\/\/www.shincommunication.com\/en\/la-nuova-brunella-il-15-maggio-2014-prima-pietra-per-il-futuro-centro-per-le-disabilita-e-la-famiglia\/#primaryimage"},"image":{"@id":"https:\/\/www.shincommunication.com\/en\/la-nuova-brunella-il-15-maggio-2014-prima-pietra-per-il-futuro-centro-per-le-disabilita-e-la-famiglia\/#primaryimage"},"thumbnailUrl":"http:\/\/www.shincommunication.com\/wp-content\/uploads\/2014\/05\/IMG_2965-300x168.jpg","datePublished":"2014-05-15T13:31:56+00:00","dateModified":"2014-05-15T14:33:51+00:00","description":"In occasione della 20^ Giornata internazionale della Famiglia, Fondazione Renato Piatti onlus d\u00e0 il via alla realizzazione del nuovo Centro multifunzionale","inLanguage":"en-US","potentialAction":[{"@type":"ReadAction","target":["https:\/\/www.shincommunication.com\/en\/la-nuova-brunella-il-15-maggio-2014-prima-pietra-per-il-futuro-centro-per-le-disabilita-e-la-famiglia\/"]}]},{"@type":"ImageObject","inLanguage":"en-US","@id":"https:\/\/www.shincommunication.com\/en\/la-nuova-brunella-il-15-maggio-2014-prima-pietra-per-il-futuro-centro-per-le-disabilita-e-la-famiglia\/#primaryimage","url":"http:\/\/www.shincommunication.com\/wp-content\/uploads\/2014\/05\/IMG_2965-300x168.jpg","contentUrl":"http:\/\/www.shincommunication.com\/wp-content\/uploads\/2014\/05\/IMG_2965-300x168.jpg"},{"@type":"WebSite","@id":"https:\/\/www.shincommunication.com\/#website","url":"https:\/\/www.shincommunication.com\/","name":"Shin Communication","description":"Press Relation and more","publisher":{"@id":"https:\/\/www.shincommunication.com\/#organization"},"potentialAction":[{"@type":"SearchAction","target":{"@type":"EntryPoint","urlTemplate":"https:\/\/www.shincommunication.com\/?s={search_term_string}"},"query-input":{"@type":"PropertyValueSpecification","valueRequired":true,"valueName":"search_term_string"}}],"inLanguage":"en-US"},{"@type":"Organization","@id":"https:\/\/www.shincommunication.com\/#organization","name":"Shin Communication","url":"https:\/\/www.shincommunication.com\/","logo":{"@type":"ImageObject","inLanguage":"en-US","@id":"https:\/\/www.shincommunication.com\/#\/schema\/logo\/image\/","url":"https:\/\/www.shincommunication.com\/wp-content\/uploads\/2019\/03\/logo_shin.png","contentUrl":"https:\/\/www.shincommunication.com\/wp-content\/uploads\/2019\/03\/logo_shin.png","width":200,"height":200,"caption":"Shin Communication"},"image":{"@id":"https:\/\/www.shincommunication.com\/#\/schema\/logo\/image\/"},"sameAs":["https:\/\/www.facebook.com\/ShinCommunication","https:\/\/x.com\/ShinCommunicate","http:\/\/www.linkedin.com\/company\/shin-communication?trk=hb_tab_compy_id_2949876"]},{"@type":"Person","@id":"https:\/\/www.shincommunication.com\/#\/schema\/person\/0c181271878e454d6408e519766100ec","name":"Shin","image":{"@type":"ImageObject","inLanguage":"en-US","@id":"https:\/\/www.shincommunication.com\/#\/schema\/person\/image\/","url":"https:\/\/secure.gravatar.com\/avatar\/8312385b498db60711056d1d237fe6de?s=96&d=mm&r=g","contentUrl":"https:\/\/secure.gravatar.com\/avatar\/8312385b498db60711056d1d237fe6de?s=96&d=mm&r=g","caption":"Shin"}}]}},"_links":{"self":[{"href":"https:\/\/www.shincommunication.com\/en\/wp-json\/wp\/v2\/posts\/1440","targetHints":{"allow":["GET"]}}],"collection":[{"href":"https:\/\/www.shincommunication.com\/en\/wp-json\/wp\/v2\/posts"}],"about":[{"href":"https:\/\/www.shincommunication.com\/en\/wp-json\/wp\/v2\/types\/post"}],"author":[{"embeddable":true,"href":"https:\/\/www.shincommunication.com\/en\/wp-json\/wp\/v2\/users\/1"}],"replies":[{"embeddable":true,"href":"https:\/\/www.shincommunication.com\/en\/wp-json\/wp\/v2\/comments?post=1440"}],"version-history":[{"count":7,"href":"https:\/\/www.shincommunication.com\/en\/wp-json\/wp\/v2\/posts\/1440\/revisions"}],"predecessor-version":[{"id":1445,"href":"https:\/\/www.shincommunication.com\/en\/wp-json\/wp\/v2\/posts\/1440\/revisions\/1445"}],"wp:attachment":[{"href":"https:\/\/www.shincommunication.com\/en\/wp-json\/wp\/v2\/media?parent=1440"}],"wp:term":[{"taxonomy":"category","embeddable":true,"href":"https:\/\/www.shincommunication.com\/en\/wp-json\/wp\/v2\/categories?post=1440"},{"taxonomy":"post_tag","embeddable":true,"href":"https:\/\/www.shincommunication.com\/en\/wp-json\/wp\/v2\/tags?post=1440"}],"curies":[{"name":"wp","href":"https:\/\/api.w.org\/{rel}","templated":true}]}}