
{"id":1413,"date":"2014-05-06T14:46:28","date_gmt":"2014-05-06T12:46:28","guid":{"rendered":"http:\/\/www.shincommunication.com\/?p=1413"},"modified":"2014-05-27T10:55:30","modified_gmt":"2014-05-27T08:55:30","slug":"conferenza-stampa-la-nuova-brunella-centro-per-le-disabilita-e-la-famiglia","status":"publish","type":"post","link":"https:\/\/www.shincommunication.com\/en\/conferenza-stampa-la-nuova-brunella-centro-per-le-disabilita-e-la-famiglia\/","title":{"rendered":"Conferenza Stampa: La Nuova Brunella &#8211; Centro per le Disabilit\u00e0 e la Famiglia"},"content":{"rendered":"<div style=\"background-repeat: no-repeat;\"><p><strong>Fondazione Renato Piatti Onlus<\/strong>\u00a0presenter\u00e0 in una conferenza stampa il nuovo\u00a0<strong>Centro per le Disabilit\u00e0 e la Famiglia\u00a0La Nuova Brunella <\/strong>il\u00a0prossimo\u00a0gioved\u00ec 15 maggio dalle ore 10:30.<\/p>\n<p>In questa occasione\u00a0sar\u00e0 posata la prima pietra del nuovo Centro per le Disabilit\u00e0 e la Famiglia che sorger\u00e0 nel complesso della Brunella a Varese,\u00a0<span style=\"font-size: 13px;\">in via Francesco Crispi, 4.<\/span><\/p>\n<p>La conferenza si terr\u00e0 nella Sala Riunioni del Consultorio <em>La Casa<\/em> al 4\u00b0 piano.<\/p>\n<p>Per informazioni:<\/p>\n<p>fondazionepiatti@shincommunication.com<\/p>\n<p>Tel. 02 39547601<\/p>\n<p><a href=\"http:\/\/www.shincommunication.com\/wp-content\/uploads\/2014\/05\/save.jpg\"><img loading=\"lazy\" decoding=\"async\" class=\"alignnone size-medium wp-image-1414\" alt=\"save_the_date_v_02\" src=\"http:\/\/www.shincommunication.com\/wp-content\/uploads\/2014\/05\/save-277x300.jpg\" width=\"277\" height=\"300\" srcset=\"https:\/\/www.shincommunication.com\/wp-content\/uploads\/2014\/05\/save-277x300.jpg 277w, https:\/\/www.shincommunication.com\/wp-content\/uploads\/2014\/05\/save-946x1024.jpg 946w\" sizes=\"auto, (max-width: 277px) 100vw, 277px\" \/><\/a><\/p>\n<\/div><div style=\"padding-bottom:20px; padding-top:10px;\" class=\"hupso-share-buttons\"><!-- Hupso Share Buttons - http:\/\/www.hupso.com\/share\/ --><a class=\"hupso_toolbar\" href=\"http:\/\/www.hupso.com\/share\/\"><img decoding=\"async\" src=\"https:\/\/static.hupso.com\/share\/buttons\/share-small.png\" style=\"border:0px; padding-top:5px; float:left;\" alt=\"Share Button\"\/><\/a><script type=\"text\/javascript\">var hupso_services_t=new Array(\"Twitter\",\"Facebook\",\"Google Plus\",\"Pinterest\",\"Linkedin\",\"StumbleUpon\",\"Digg\",\"Reddit\",\"Bebo\",\"Delicious\");var hupso_background_t=\"#EAF4FF\";var hupso_border_t=\"#66CCFF\";var hupso_toolbar_size_t=\"small\";var hupso_image_folder_url = \"http:\/\/www.shincommunication.com\/wp-content\/plugins\/hupso-share-buttons-for-twitter-facebook-google\/img\/services\/\";var hupso_url_t=\"\";var hupso_title_t=\"Conferenza Stampa: La Nuova Brunella - Centro per le Disabilit\u00e0 e la Famiglia\";<\/script><script type=\"text\/javascript\" src=\"https:\/\/static.hupso.com\/share\/js\/share_toolbar.js\"><\/script><!-- Hupso Share Buttons --><\/div>","protected":false},"excerpt":{"rendered":"<p>Fondazione Renato Piatti Onlus\u00a0presenter\u00e0 in una conferenza stampa il nuovo\u00a0Centro per le Disabilit\u00e0 e la Famiglia\u00a0La Nuova Brunella il\u00a0prossimo\u00a0gioved\u00ec 15&#8230;<\/p>\n<div style=\"padding-bottom:20px; padding-top:10px;\" class=\"hupso-share-buttons\"><!-- Hupso Share Buttons - http:\/\/www.hupso.com\/share\/ --><a class=\"hupso_toolbar\" href=\"http:\/\/www.hupso.com\/share\/\"><img src=\"https:\/\/static.hupso.com\/share\/buttons\/share-small.png\" style=\"border:0px; padding-top:5px; float:left;\" alt=\"Share Button\"\/><\/a><script type=\"text\/javascript\">var hupso_services_t=new Array(\"Twitter\",\"Facebook\",\"Google Plus\",\"Pinterest\",\"Linkedin\",\"StumbleUpon\",\"Digg\",\"Reddit\",\"Bebo\",\"Delicious\");var hupso_background_t=\"#EAF4FF\";var hupso_border_t=\"#66CCFF\";var hupso_toolbar_size_t=\"small\";var hupso_image_folder_url = \"http:\/\/www.shincommunication.com\/wp-content\/plugins\/hupso-share-buttons-for-twitter-facebook-google\/img\/services\/\";var hupso_url_t=\"\";var hupso_title_t=\"Conferenza Stampa: La Nuova Brunella - Centro per le Disabilit\u00e0 e la Famiglia\";<\/script><script type=\"text\/javascript\" src=\"https:\/\/static.hupso.com\/share\/js\/share_toolbar.js\"><\/script><!-- Hupso Share Buttons --><\/div>","protected":false},"author":1,"featured_media":0,"comment_status":"closed","ping_status":"closed","sticky":false,"template":"","format":"standard","meta":{"footnotes":""},"categories":[134,25],"tags":[131,302,204,206,325,1622,135],"class_list":["post-1413","post","type-post","status-publish","format-standard","hentry","category-fondazione-piatti","category-comunicati-stampa","tag-autismo","tag-brunella","tag-conferenza-stampa","tag-disabilita","tag-famiglia","tag-fondazione-piatti","tag-onlus"],"yoast_head":"<!-- This site is optimized with the Yoast SEO plugin v25.3.1 - https:\/\/yoast.com\/wordpress\/plugins\/seo\/ -->\n<title>Conferenza Stampa: La Nuova Brunella - Centro per le Disabilit\u00e0 e la Famiglia - Shin Communication<\/title>\n<meta name=\"description\" content=\"Fondazione Renato Piatti Onlus presenter\u00e0 in una conferenza stampa il nuovo Centro per le Disabilit\u00e0 e la Famiglia La Nuova Brunella\" \/>\n<meta name=\"robots\" content=\"index, follow, max-snippet:-1, max-image-preview:large, max-video-preview:-1\" \/>\n<link rel=\"canonical\" href=\"https:\/\/www.shincommunication.com\/conferenza-stampa-la-nuova-brunella-centro-per-le-disabilita-e-la-famiglia\/\" \/>\n<meta property=\"og:locale\" content=\"en_US\" \/>\n<meta property=\"og:type\" content=\"article\" \/>\n<meta property=\"og:title\" content=\"Conferenza Stampa: La Nuova Brunella - Centro per le Disabilit\u00e0 e la Famiglia - Shin Communication\" \/>\n<meta property=\"og:description\" content=\"Fondazione Renato Piatti Onlus presenter\u00e0 in una conferenza stampa il nuovo Centro per le Disabilit\u00e0 e la Famiglia La Nuova Brunella\" \/>\n<meta property=\"og:url\" content=\"https:\/\/www.shincommunication.com\/conferenza-stampa-la-nuova-brunella-centro-per-le-disabilita-e-la-famiglia\/\" \/>\n<meta property=\"og:site_name\" content=\"Shin Communication\" \/>\n<meta property=\"article:publisher\" content=\"https:\/\/www.facebook.com\/ShinCommunication\" \/>\n<meta property=\"article:published_time\" content=\"2014-05-06T12:46:28+00:00\" \/>\n<meta property=\"article:modified_time\" content=\"2014-05-27T08:55:30+00:00\" \/>\n<meta property=\"og:image\" content=\"http:\/\/www.shincommunication.com\/wp-content\/uploads\/2014\/05\/save-277x300.jpg\" \/>\n<meta name=\"author\" content=\"Shin\" \/>\n<meta name=\"twitter:label1\" content=\"Written by\" \/>\n\t<meta name=\"twitter:data1\" content=\"Shin\" \/>\n<script type=\"application\/ld+json\" class=\"yoast-schema-graph\">{\"@context\":\"https:\/\/schema.org\",\"@graph\":[{\"@type\":\"Article\",\"@id\":\"https:\/\/www.shincommunication.com\/conferenza-stampa-la-nuova-brunella-centro-per-le-disabilita-e-la-famiglia\/#article\",\"isPartOf\":{\"@id\":\"https:\/\/www.shincommunication.com\/conferenza-stampa-la-nuova-brunella-centro-per-le-disabilita-e-la-famiglia\/\"},\"author\":{\"name\":\"Shin\",\"@id\":\"https:\/\/www.shincommunication.com\/#\/schema\/person\/0c181271878e454d6408e519766100ec\"},\"headline\":\"Conferenza Stampa: La Nuova Brunella &#8211; Centro per le Disabilit\u00e0 e la Famiglia\",\"datePublished\":\"2014-05-06T12:46:28+00:00\",\"dateModified\":\"2014-05-27T08:55:30+00:00\",\"mainEntityOfPage\":{\"@id\":\"https:\/\/www.shincommunication.com\/conferenza-stampa-la-nuova-brunella-centro-per-le-disabilita-e-la-famiglia\/\"},\"wordCount\":88,\"publisher\":{\"@id\":\"https:\/\/www.shincommunication.com\/#organization\"},\"image\":{\"@id\":\"https:\/\/www.shincommunication.com\/conferenza-stampa-la-nuova-brunella-centro-per-le-disabilita-e-la-famiglia\/#primaryimage\"},\"thumbnailUrl\":\"http:\/\/www.shincommunication.com\/wp-content\/uploads\/2014\/05\/save-277x300.jpg\",\"keywords\":[\"Autismo\",\"Brunella\",\"conferenza stampa\",\"disabilit\u00e0\",\"famiglia\",\"Fondazione Piatti\",\"onlus\"],\"articleSection\":[\"Fondazione Piatti\",\"Press Area\"],\"inLanguage\":\"en-US\"},{\"@type\":\"WebPage\",\"@id\":\"https:\/\/www.shincommunication.com\/conferenza-stampa-la-nuova-brunella-centro-per-le-disabilita-e-la-famiglia\/\",\"url\":\"https:\/\/www.shincommunication.com\/conferenza-stampa-la-nuova-brunella-centro-per-le-disabilita-e-la-famiglia\/\",\"name\":\"Conferenza Stampa: La Nuova Brunella - Centro per le Disabilit\u00e0 e la Famiglia - Shin Communication\",\"isPartOf\":{\"@id\":\"https:\/\/www.shincommunication.com\/#website\"},\"primaryImageOfPage\":{\"@id\":\"https:\/\/www.shincommunication.com\/conferenza-stampa-la-nuova-brunella-centro-per-le-disabilita-e-la-famiglia\/#primaryimage\"},\"image\":{\"@id\":\"https:\/\/www.shincommunication.com\/conferenza-stampa-la-nuova-brunella-centro-per-le-disabilita-e-la-famiglia\/#primaryimage\"},\"thumbnailUrl\":\"http:\/\/www.shincommunication.com\/wp-content\/uploads\/2014\/05\/save-277x300.jpg\",\"datePublished\":\"2014-05-06T12:46:28+00:00\",\"dateModified\":\"2014-05-27T08:55:30+00:00\",\"description\":\"Fondazione Renato Piatti Onlus presenter\u00e0 in una conferenza stampa il nuovo Centro per le Disabilit\u00e0 e la Famiglia La Nuova Brunella\",\"inLanguage\":\"en-US\",\"potentialAction\":[{\"@type\":\"ReadAction\",\"target\":[\"https:\/\/www.shincommunication.com\/conferenza-stampa-la-nuova-brunella-centro-per-le-disabilita-e-la-famiglia\/\"]}]},{\"@type\":\"ImageObject\",\"inLanguage\":\"en-US\",\"@id\":\"https:\/\/www.shincommunication.com\/conferenza-stampa-la-nuova-brunella-centro-per-le-disabilita-e-la-famiglia\/#primaryimage\",\"url\":\"http:\/\/www.shincommunication.com\/wp-content\/uploads\/2014\/05\/save-277x300.jpg\",\"contentUrl\":\"http:\/\/www.shincommunication.com\/wp-content\/uploads\/2014\/05\/save-277x300.jpg\"},{\"@type\":\"WebSite\",\"@id\":\"https:\/\/www.shincommunication.com\/#website\",\"url\":\"https:\/\/www.shincommunication.com\/\",\"name\":\"Shin Communication\",\"description\":\"Press Relation and more\",\"publisher\":{\"@id\":\"https:\/\/www.shincommunication.com\/#organization\"},\"potentialAction\":[{\"@type\":\"SearchAction\",\"target\":{\"@type\":\"EntryPoint\",\"urlTemplate\":\"https:\/\/www.shincommunication.com\/?s={search_term_string}\"},\"query-input\":{\"@type\":\"PropertyValueSpecification\",\"valueRequired\":true,\"valueName\":\"search_term_string\"}}],\"inLanguage\":\"en-US\"},{\"@type\":\"Organization\",\"@id\":\"https:\/\/www.shincommunication.com\/#organization\",\"name\":\"Shin Communication\",\"url\":\"https:\/\/www.shincommunication.com\/\",\"logo\":{\"@type\":\"ImageObject\",\"inLanguage\":\"en-US\",\"@id\":\"https:\/\/www.shincommunication.com\/#\/schema\/logo\/image\/\",\"url\":\"https:\/\/www.shincommunication.com\/wp-content\/uploads\/2019\/03\/logo_shin.png\",\"contentUrl\":\"https:\/\/www.shincommunication.com\/wp-content\/uploads\/2019\/03\/logo_shin.png\",\"width\":200,\"height\":200,\"caption\":\"Shin Communication\"},\"image\":{\"@id\":\"https:\/\/www.shincommunication.com\/#\/schema\/logo\/image\/\"},\"sameAs\":[\"https:\/\/www.facebook.com\/ShinCommunication\",\"https:\/\/x.com\/ShinCommunicate\",\"http:\/\/www.linkedin.com\/company\/shin-communication?trk=hb_tab_compy_id_2949876\"]},{\"@type\":\"Person\",\"@id\":\"https:\/\/www.shincommunication.com\/#\/schema\/person\/0c181271878e454d6408e519766100ec\",\"name\":\"Shin\",\"image\":{\"@type\":\"ImageObject\",\"inLanguage\":\"en-US\",\"@id\":\"https:\/\/www.shincommunication.com\/#\/schema\/person\/image\/\",\"url\":\"https:\/\/secure.gravatar.com\/avatar\/8312385b498db60711056d1d237fe6de?s=96&d=mm&r=g\",\"contentUrl\":\"https:\/\/secure.gravatar.com\/avatar\/8312385b498db60711056d1d237fe6de?s=96&d=mm&r=g\",\"caption\":\"Shin\"}}]}<\/script>\n<!-- \/ Yoast SEO plugin. -->","yoast_head_json":{"title":"Conferenza Stampa: La Nuova Brunella - Centro per le Disabilit\u00e0 e la Famiglia - Shin Communication","description":"Fondazione Renato Piatti Onlus presenter\u00e0 in una conferenza stampa il nuovo Centro per le Disabilit\u00e0 e la Famiglia La Nuova Brunella","robots":{"index":"index","follow":"follow","max-snippet":"max-snippet:-1","max-image-preview":"max-image-preview:large","max-video-preview":"max-video-preview:-1"},"canonical":"https:\/\/www.shincommunication.com\/conferenza-stampa-la-nuova-brunella-centro-per-le-disabilita-e-la-famiglia\/","og_locale":"en_US","og_type":"article","og_title":"Conferenza Stampa: La Nuova Brunella - Centro per le Disabilit\u00e0 e la Famiglia - Shin Communication","og_description":"Fondazione Renato Piatti Onlus presenter\u00e0 in una conferenza stampa il nuovo Centro per le Disabilit\u00e0 e la Famiglia La Nuova Brunella","og_url":"https:\/\/www.shincommunication.com\/conferenza-stampa-la-nuova-brunella-centro-per-le-disabilita-e-la-famiglia\/","og_site_name":"Shin Communication","article_publisher":"https:\/\/www.facebook.com\/ShinCommunication","article_published_time":"2014-05-06T12:46:28+00:00","article_modified_time":"2014-05-27T08:55:30+00:00","og_image":[{"url":"http:\/\/www.shincommunication.com\/wp-content\/uploads\/2014\/05\/save-277x300.jpg","type":"","width":"","height":""}],"author":"Shin","twitter_misc":{"Written by":"Shin"},"schema":{"@context":"https:\/\/schema.org","@graph":[{"@type":"Article","@id":"https:\/\/www.shincommunication.com\/conferenza-stampa-la-nuova-brunella-centro-per-le-disabilita-e-la-famiglia\/#article","isPartOf":{"@id":"https:\/\/www.shincommunication.com\/conferenza-stampa-la-nuova-brunella-centro-per-le-disabilita-e-la-famiglia\/"},"author":{"name":"Shin","@id":"https:\/\/www.shincommunication.com\/#\/schema\/person\/0c181271878e454d6408e519766100ec"},"headline":"Conferenza Stampa: La Nuova Brunella &#8211; Centro per le Disabilit\u00e0 e la Famiglia","datePublished":"2014-05-06T12:46:28+00:00","dateModified":"2014-05-27T08:55:30+00:00","mainEntityOfPage":{"@id":"https:\/\/www.shincommunication.com\/conferenza-stampa-la-nuova-brunella-centro-per-le-disabilita-e-la-famiglia\/"},"wordCount":88,"publisher":{"@id":"https:\/\/www.shincommunication.com\/#organization"},"image":{"@id":"https:\/\/www.shincommunication.com\/conferenza-stampa-la-nuova-brunella-centro-per-le-disabilita-e-la-famiglia\/#primaryimage"},"thumbnailUrl":"http:\/\/www.shincommunication.com\/wp-content\/uploads\/2014\/05\/save-277x300.jpg","keywords":["Autismo","Brunella","conferenza stampa","disabilit\u00e0","famiglia","Fondazione Piatti","onlus"],"articleSection":["Fondazione Piatti","Press Area"],"inLanguage":"en-US"},{"@type":"WebPage","@id":"https:\/\/www.shincommunication.com\/conferenza-stampa-la-nuova-brunella-centro-per-le-disabilita-e-la-famiglia\/","url":"https:\/\/www.shincommunication.com\/conferenza-stampa-la-nuova-brunella-centro-per-le-disabilita-e-la-famiglia\/","name":"Conferenza Stampa: La Nuova Brunella - Centro per le Disabilit\u00e0 e la Famiglia - Shin Communication","isPartOf":{"@id":"https:\/\/www.shincommunication.com\/#website"},"primaryImageOfPage":{"@id":"https:\/\/www.shincommunication.com\/conferenza-stampa-la-nuova-brunella-centro-per-le-disabilita-e-la-famiglia\/#primaryimage"},"image":{"@id":"https:\/\/www.shincommunication.com\/conferenza-stampa-la-nuova-brunella-centro-per-le-disabilita-e-la-famiglia\/#primaryimage"},"thumbnailUrl":"http:\/\/www.shincommunication.com\/wp-content\/uploads\/2014\/05\/save-277x300.jpg","datePublished":"2014-05-06T12:46:28+00:00","dateModified":"2014-05-27T08:55:30+00:00","description":"Fondazione Renato Piatti Onlus presenter\u00e0 in una conferenza stampa il nuovo Centro per le Disabilit\u00e0 e la Famiglia La Nuova Brunella","inLanguage":"en-US","potentialAction":[{"@type":"ReadAction","target":["https:\/\/www.shincommunication.com\/conferenza-stampa-la-nuova-brunella-centro-per-le-disabilita-e-la-famiglia\/"]}]},{"@type":"ImageObject","inLanguage":"en-US","@id":"https:\/\/www.shincommunication.com\/conferenza-stampa-la-nuova-brunella-centro-per-le-disabilita-e-la-famiglia\/#primaryimage","url":"http:\/\/www.shincommunication.com\/wp-content\/uploads\/2014\/05\/save-277x300.jpg","contentUrl":"http:\/\/www.shincommunication.com\/wp-content\/uploads\/2014\/05\/save-277x300.jpg"},{"@type":"WebSite","@id":"https:\/\/www.shincommunication.com\/#website","url":"https:\/\/www.shincommunication.com\/","name":"Shin Communication","description":"Press Relation and more","publisher":{"@id":"https:\/\/www.shincommunication.com\/#organization"},"potentialAction":[{"@type":"SearchAction","target":{"@type":"EntryPoint","urlTemplate":"https:\/\/www.shincommunication.com\/?s={search_term_string}"},"query-input":{"@type":"PropertyValueSpecification","valueRequired":true,"valueName":"search_term_string"}}],"inLanguage":"en-US"},{"@type":"Organization","@id":"https:\/\/www.shincommunication.com\/#organization","name":"Shin Communication","url":"https:\/\/www.shincommunication.com\/","logo":{"@type":"ImageObject","inLanguage":"en-US","@id":"https:\/\/www.shincommunication.com\/#\/schema\/logo\/image\/","url":"https:\/\/www.shincommunication.com\/wp-content\/uploads\/2019\/03\/logo_shin.png","contentUrl":"https:\/\/www.shincommunication.com\/wp-content\/uploads\/2019\/03\/logo_shin.png","width":200,"height":200,"caption":"Shin Communication"},"image":{"@id":"https:\/\/www.shincommunication.com\/#\/schema\/logo\/image\/"},"sameAs":["https:\/\/www.facebook.com\/ShinCommunication","https:\/\/x.com\/ShinCommunicate","http:\/\/www.linkedin.com\/company\/shin-communication?trk=hb_tab_compy_id_2949876"]},{"@type":"Person","@id":"https:\/\/www.shincommunication.com\/#\/schema\/person\/0c181271878e454d6408e519766100ec","name":"Shin","image":{"@type":"ImageObject","inLanguage":"en-US","@id":"https:\/\/www.shincommunication.com\/#\/schema\/person\/image\/","url":"https:\/\/secure.gravatar.com\/avatar\/8312385b498db60711056d1d237fe6de?s=96&d=mm&r=g","contentUrl":"https:\/\/secure.gravatar.com\/avatar\/8312385b498db60711056d1d237fe6de?s=96&d=mm&r=g","caption":"Shin"}}]}},"_links":{"self":[{"href":"https:\/\/www.shincommunication.com\/en\/wp-json\/wp\/v2\/posts\/1413","targetHints":{"allow":["GET"]}}],"collection":[{"href":"https:\/\/www.shincommunication.com\/en\/wp-json\/wp\/v2\/posts"}],"about":[{"href":"https:\/\/www.shincommunication.com\/en\/wp-json\/wp\/v2\/types\/post"}],"author":[{"embeddable":true,"href":"https:\/\/www.shincommunication.com\/en\/wp-json\/wp\/v2\/users\/1"}],"replies":[{"embeddable":true,"href":"https:\/\/www.shincommunication.com\/en\/wp-json\/wp\/v2\/comments?post=1413"}],"version-history":[{"count":4,"href":"https:\/\/www.shincommunication.com\/en\/wp-json\/wp\/v2\/posts\/1413\/revisions"}],"predecessor-version":[{"id":1474,"href":"https:\/\/www.shincommunication.com\/en\/wp-json\/wp\/v2\/posts\/1413\/revisions\/1474"}],"wp:attachment":[{"href":"https:\/\/www.shincommunication.com\/en\/wp-json\/wp\/v2\/media?parent=1413"}],"wp:term":[{"taxonomy":"category","embeddable":true,"href":"https:\/\/www.shincommunication.com\/en\/wp-json\/wp\/v2\/categories?post=1413"},{"taxonomy":"post_tag","embeddable":true,"href":"https:\/\/www.shincommunication.com\/en\/wp-json\/wp\/v2\/tags?post=1413"}],"curies":[{"name":"wp","href":"https:\/\/api.w.org\/{rel}","templated":true}]}}