
{"id":1301,"date":"2014-03-17T12:23:11","date_gmt":"2014-03-17T11:23:11","guid":{"rendered":"http:\/\/www.shincommunication.com\/?p=1301"},"modified":"2014-03-17T12:25:59","modified_gmt":"2014-03-17T11:25:59","slug":"il-multilinguismo-al-centro-della-conferenza-europea-degli-esperti-nella-valutazione-linguistica-di-parigi","status":"publish","type":"post","link":"https:\/\/www.shincommunication.com\/en\/il-multilinguismo-al-centro-della-conferenza-europea-degli-esperti-nella-valutazione-linguistica-di-parigi\/","title":{"rendered":"Il multilinguismo al centro della conferenza europea degli esperti nella valutazione linguistica di Parigi"},"content":{"rendered":"<div style=\"background-repeat: no-repeat;\"><p><strong><em>Il prossimo Aprile si terr\u00e0 a Parigi la quinta edizione della conferenza internazionale ALTE che vedr\u00e0 riuniti i massimi esperti del settore per discutere dell\u2019importanza della variet\u00e0 linguistica nella societ\u00e0 d\u2019oggi<\/em><\/strong><\/p>\n<p>Bologna, 17 Marzo 2014 &#8211; I principali esperti di valutazione linguistica di tutto il mondo si riuniranno a Parigi per la quinta edizione della conferenza internazionale ALTE 2014, uno dei pi\u00f9 importanti eventi in questo settore.<\/p>\n<p>Negli scorsi anni la conferenza ha ospitato politici, insegnanti e figure di alto livello. L\u2019augurio per quest\u2019anno \u00e8 che ALTE Parigi 2014 possa attirare ancora, come nelle precedenti edizioni, \u00a0un mix di altrettanto ampio respiro, compresi interlocutori che siano interessati ai temi della diversit\u00e0 o del multiculturalismo, sia in contesto aziendale che governativo.<\/p>\n<p>L\u2019argomento principale di questa edizione \u00e8 il multilinguismo, del suo ruolo nella promozione della variet\u00e0 linguistica e della comunicazione interculturale.\u00a0 Il tema \u201c<i>Language Assessment for Multilingualism: promoting linguistic diversity and intercultural communication<\/i>\u201d dar\u00e0 l\u2019opportunit\u00e0 ai partecipanti di prendere in esame argomenti chiave come mobilit\u00e0, diversit\u00e0, comunicazione interculturale, equit\u00e0 e qualit\u00e0.<\/p>\n<p><!--more--> <strong><\/strong><\/p>\n<p>Il tema del multilinguismo \u00e8 di rilevanza globale. L\u2019obiettivo dell&#8217;accordo di Barcellona \u00e8 quello di formare cittadini europei che siano in grado di parlare almeno due lingue. Per questo motivo la missione di ALTE \u00e8 promuovere il multilinguismo, incoraggiando l&#8217;insegnamento delle lingue, non solo per il miglioramento economico o accademico, ma anche a scopo di arricchimento personale e per l\u2019apprendimento permanente (lifelong learning).<\/p>\n<p>Il programma dell\u2019evento \u00e8 particolarmente ricco e comprende discussioni e dibattiti tra cui oltre 108 presentazioni &#8211; in rappresentanza di novantadue istituzioni provenienti da tutto il mondo.<\/p>\n<p>Tra queste, in particolare, sono previste presentazioni tenute dagli esperti di Cambridge English Language Assessment che condivideranno la propria esperienza maturata negli ultimi 100 anni degli esami Cambridge English, sostenuti ogni anno da pi\u00f9 di quattro milioni di persone in oltre 130 Paesi.<\/p>\n<p>Sarah Ellis esperta di valutazione linguistica in Cambridge English Language Assessment Italia e Roger Hawkey, Visiting Professor in English Language Assessment and Evaluation,\u00a0 terranno la presentazione \u201c<i>Impacts of international language assessments on multilingualism: evidence from iteractive studies of Progetto Lingue 2000<\/i>\u201d che esplorer\u00e0 l\u2019impatto della valutazione linguistica sul multilinguismo.<\/p>\n<p>Le altre due presentazioni di relatori italiani saranno di Gisella Lang\u00e9 con \u201c<i>CLIL\/Emile in Italy: a real driver for lifelong learning<\/i>\u201d e Rita Marzoli insieme a Fabio Alivernini con \u201c<i>The interplay between bilingualism and reading abilities in predicting reading literacy and attitudes towards reading<\/i>\u201d.<\/p>\n<p>Sarah Ellis ha commentato: \u201cCambridge English Language Assessment vanta il pi\u00f9 ampio team di ricerca dedicato alla valutazione linguistica, laconferenza ALTE \u00e8 un\u2019occasione per condividere il nostro know how con un pubblico pi\u00f9 ampio e di ottenere preziose informazioni relative all&#8217;insegnamento e alla sperimentazione di altre lingue. Le conferenze internazionali ALTE sono eventi molto stimolanti per chi si occupa di insegnamento, apprendimento e valutazione linguistica. Quest&#8217;anno la conferenza sar\u00e0 particolarmente importante perch\u00e9 si concentra su una questione che \u00e8 di vitale importanza in ogni paese.\u201d<\/p>\n<p>L&#8217;Associazione degli Esaminatori di Lingue in Europa ha invitato diversi altri oratori, tra cui cinque voci autorevoli che daranno il loro parere su questi diversi temi:<\/p>\n<p>\u2022 Diversit\u00e0<\/p>\n<p>\u2022 Equit\u00e0 e qualit\u00e0<\/p>\n<p>\u2022 Comunicazione interculturale<\/p>\n<p>\u2022 Mobilit\u00e0<\/p>\n<p>I cinque relatori delle sessioni plenarie sono:<\/p>\n<p>Dr Lid King &#8211; Direttore di The Languages Company, Gran Bretagna<\/p>\n<p>Anne Gallagher &#8211; Preside associato di Arti, Studi Celtici e Filosofia e Direttore del Centro Linguistico presso la National University of Ireland, Maynooth, Irlanda<\/p>\n<p>Dr Jessica RW Wu &#8211; Direttore del programma Ricerca e Sviluppo al Language Training &amp; Testing Center (LTTC), Taipei, Taiwan<\/p>\n<p>David Graddol &#8211; Direttore di The English Company Ltd, Regno Unito<\/p>\n<p>Bruno Megre\u00a0 &#8211; capo del Dipartimento Assessment and Evaluation presso il Centro Internazionale d&#8217;\u00e9tudes p\u00e9dagogiques (CIEP) in Francia.<\/p>\n<p>La conferenza si terr\u00e0 a Parigi il 10 e 11 aprile, presso la Maison Internationale, parte della Cit\u00e9 Internationale Universitaire de Paris.<\/p>\n<p><strong>Per ulteriori informazioni su ALTE Parigi 2014: <a href=\"http:\/\/events.cambridgeenglish.org\/alte-2014\/index.html\">http:\/\/events.cambridgeenglish.org\/alte-2014\/index.html<\/a><\/strong><\/p>\n<p><strong>Vieni a conoscere ALTE: <a href=\"http:\/\/www.alte.org\/\">http:\/\/www.alte.org\/<\/a><\/strong><\/p>\n<p><b>\u00a0<\/b><\/p>\n<\/div><div style=\"padding-bottom:20px; padding-top:10px;\" class=\"hupso-share-buttons\"><!-- Hupso Share Buttons - http:\/\/www.hupso.com\/share\/ --><a class=\"hupso_toolbar\" href=\"http:\/\/www.hupso.com\/share\/\"><img decoding=\"async\" src=\"https:\/\/static.hupso.com\/share\/buttons\/share-small.png\" style=\"border:0px; padding-top:5px; float:left;\" alt=\"Share Button\"\/><\/a><script type=\"text\/javascript\">var hupso_services_t=new Array(\"Twitter\",\"Facebook\",\"Google Plus\",\"Pinterest\",\"Linkedin\",\"StumbleUpon\",\"Digg\",\"Reddit\",\"Bebo\",\"Delicious\");var hupso_background_t=\"#EAF4FF\";var hupso_border_t=\"#66CCFF\";var hupso_toolbar_size_t=\"small\";var hupso_image_folder_url = \"http:\/\/www.shincommunication.com\/wp-content\/plugins\/hupso-share-buttons-for-twitter-facebook-google\/img\/services\/\";var hupso_url_t=\"\";var hupso_title_t=\"Il multilinguismo al centro della conferenza europea degli esperti nella valutazione linguistica di Parigi \";<\/script><script type=\"text\/javascript\" src=\"https:\/\/static.hupso.com\/share\/js\/share_toolbar.js\"><\/script><!-- Hupso Share Buttons --><\/div>","protected":false},"excerpt":{"rendered":"<p>Il prossimo Aprile si terr\u00e0 a Parigi la quinta edizione della conferenza internazionale ALTE che vedr\u00e0 riuniti i massimi esperti&#8230;<\/p>\n<div style=\"padding-bottom:20px; padding-top:10px;\" class=\"hupso-share-buttons\"><!-- Hupso Share Buttons - http:\/\/www.hupso.com\/share\/ --><a class=\"hupso_toolbar\" href=\"http:\/\/www.hupso.com\/share\/\"><img src=\"https:\/\/static.hupso.com\/share\/buttons\/share-small.png\" style=\"border:0px; padding-top:5px; float:left;\" alt=\"Share Button\"\/><\/a><script type=\"text\/javascript\">var hupso_services_t=new Array(\"Twitter\",\"Facebook\",\"Google Plus\",\"Pinterest\",\"Linkedin\",\"StumbleUpon\",\"Digg\",\"Reddit\",\"Bebo\",\"Delicious\");var hupso_background_t=\"#EAF4FF\";var hupso_border_t=\"#66CCFF\";var hupso_toolbar_size_t=\"small\";var hupso_image_folder_url = \"http:\/\/www.shincommunication.com\/wp-content\/plugins\/hupso-share-buttons-for-twitter-facebook-google\/img\/services\/\";var hupso_url_t=\"\";var hupso_title_t=\"Il multilinguismo al centro della conferenza europea degli esperti nella valutazione linguistica di Parigi \";<\/script><script type=\"text\/javascript\" src=\"https:\/\/static.hupso.com\/share\/js\/share_toolbar.js\"><\/script><!-- Hupso Share Buttons --><\/div>","protected":false},"author":1,"featured_media":0,"comment_status":"closed","ping_status":"closed","sticky":false,"template":"","format":"standard","meta":{"footnotes":""},"categories":[4,25],"tags":[166,264,11,284,77],"class_list":["post-1301","post","type-post","status-publish","format-standard","hentry","category-cambridge-english-assessment","category-comunicati-stampa","tag-alte","tag-cambridge-english-language-assessment","tag-inglese","tag-multilinguismo","tag-parigi"],"yoast_head":"<!-- This site is optimized with the Yoast SEO plugin v25.3.1 - https:\/\/yoast.com\/wordpress\/plugins\/seo\/ -->\n<title>Il multilinguismo al centro della conferenza europea degli esperti nella valutazione linguistica di Parigi  - Shin Communication<\/title>\n<meta name=\"description\" content=\"Il prossimo Aprile si terr\u00e0 a Parigi la quinta edizione della conferenza internazionale ALTE che vedr\u00e0 riuniti i massimi esperti del settore per discutere\" \/>\n<meta name=\"robots\" content=\"index, follow, max-snippet:-1, max-image-preview:large, max-video-preview:-1\" \/>\n<link rel=\"canonical\" href=\"https:\/\/www.shincommunication.com\/en\/il-multilinguismo-al-centro-della-conferenza-europea-degli-esperti-nella-valutazione-linguistica-di-parigi\/\" \/>\n<meta property=\"og:locale\" content=\"en_US\" \/>\n<meta property=\"og:type\" content=\"article\" \/>\n<meta property=\"og:title\" content=\"Il multilinguismo al centro della conferenza europea degli esperti nella valutazione linguistica di Parigi  - Shin Communication\" \/>\n<meta property=\"og:description\" content=\"Il prossimo Aprile si terr\u00e0 a Parigi la quinta edizione della conferenza internazionale ALTE che vedr\u00e0 riuniti i massimi esperti del settore per discutere\" \/>\n<meta property=\"og:url\" content=\"https:\/\/www.shincommunication.com\/en\/il-multilinguismo-al-centro-della-conferenza-europea-degli-esperti-nella-valutazione-linguistica-di-parigi\/\" \/>\n<meta property=\"og:site_name\" content=\"Shin Communication\" \/>\n<meta property=\"article:publisher\" content=\"https:\/\/www.facebook.com\/ShinCommunication\" \/>\n<meta property=\"article:published_time\" content=\"2014-03-17T11:23:11+00:00\" \/>\n<meta property=\"article:modified_time\" content=\"2014-03-17T11:25:59+00:00\" \/>\n<meta name=\"author\" content=\"Shin\" \/>\n<meta name=\"twitter:label1\" content=\"Written by\" \/>\n\t<meta name=\"twitter:data1\" content=\"Shin\" \/>\n\t<meta name=\"twitter:label2\" content=\"Est. reading time\" \/>\n\t<meta name=\"twitter:data2\" content=\"3 minutes\" \/>\n<script type=\"application\/ld+json\" class=\"yoast-schema-graph\">{\"@context\":\"https:\/\/schema.org\",\"@graph\":[{\"@type\":\"Article\",\"@id\":\"https:\/\/www.shincommunication.com\/en\/il-multilinguismo-al-centro-della-conferenza-europea-degli-esperti-nella-valutazione-linguistica-di-parigi\/#article\",\"isPartOf\":{\"@id\":\"https:\/\/www.shincommunication.com\/en\/il-multilinguismo-al-centro-della-conferenza-europea-degli-esperti-nella-valutazione-linguistica-di-parigi\/\"},\"author\":{\"name\":\"Shin\",\"@id\":\"https:\/\/www.shincommunication.com\/#\/schema\/person\/0c181271878e454d6408e519766100ec\"},\"headline\":\"Il multilinguismo al centro della conferenza europea degli esperti nella valutazione linguistica di Parigi\",\"datePublished\":\"2014-03-17T11:23:11+00:00\",\"dateModified\":\"2014-03-17T11:25:59+00:00\",\"mainEntityOfPage\":{\"@id\":\"https:\/\/www.shincommunication.com\/en\/il-multilinguismo-al-centro-della-conferenza-europea-degli-esperti-nella-valutazione-linguistica-di-parigi\/\"},\"wordCount\":658,\"publisher\":{\"@id\":\"https:\/\/www.shincommunication.com\/#organization\"},\"keywords\":[\"ALTE\",\"Cambridge English Language Assessment\",\"inglese\",\"multilinguismo\",\"Parigi\"],\"articleSection\":[\"Cambridge English Assessment\",\"Press Area\"],\"inLanguage\":\"en-US\"},{\"@type\":\"WebPage\",\"@id\":\"https:\/\/www.shincommunication.com\/en\/il-multilinguismo-al-centro-della-conferenza-europea-degli-esperti-nella-valutazione-linguistica-di-parigi\/\",\"url\":\"https:\/\/www.shincommunication.com\/en\/il-multilinguismo-al-centro-della-conferenza-europea-degli-esperti-nella-valutazione-linguistica-di-parigi\/\",\"name\":\"Il multilinguismo al centro della conferenza europea degli esperti nella valutazione linguistica di Parigi - Shin Communication\",\"isPartOf\":{\"@id\":\"https:\/\/www.shincommunication.com\/#website\"},\"datePublished\":\"2014-03-17T11:23:11+00:00\",\"dateModified\":\"2014-03-17T11:25:59+00:00\",\"description\":\"Il prossimo Aprile si terr\u00e0 a Parigi la quinta edizione della conferenza internazionale ALTE che vedr\u00e0 riuniti i massimi esperti del settore per discutere\",\"inLanguage\":\"en-US\",\"potentialAction\":[{\"@type\":\"ReadAction\",\"target\":[\"https:\/\/www.shincommunication.com\/en\/il-multilinguismo-al-centro-della-conferenza-europea-degli-esperti-nella-valutazione-linguistica-di-parigi\/\"]}]},{\"@type\":\"WebSite\",\"@id\":\"https:\/\/www.shincommunication.com\/#website\",\"url\":\"https:\/\/www.shincommunication.com\/\",\"name\":\"Shin Communication\",\"description\":\"Press Relation and more\",\"publisher\":{\"@id\":\"https:\/\/www.shincommunication.com\/#organization\"},\"potentialAction\":[{\"@type\":\"SearchAction\",\"target\":{\"@type\":\"EntryPoint\",\"urlTemplate\":\"https:\/\/www.shincommunication.com\/?s={search_term_string}\"},\"query-input\":{\"@type\":\"PropertyValueSpecification\",\"valueRequired\":true,\"valueName\":\"search_term_string\"}}],\"inLanguage\":\"en-US\"},{\"@type\":\"Organization\",\"@id\":\"https:\/\/www.shincommunication.com\/#organization\",\"name\":\"Shin Communication\",\"url\":\"https:\/\/www.shincommunication.com\/\",\"logo\":{\"@type\":\"ImageObject\",\"inLanguage\":\"en-US\",\"@id\":\"https:\/\/www.shincommunication.com\/#\/schema\/logo\/image\/\",\"url\":\"https:\/\/www.shincommunication.com\/wp-content\/uploads\/2019\/03\/logo_shin.png\",\"contentUrl\":\"https:\/\/www.shincommunication.com\/wp-content\/uploads\/2019\/03\/logo_shin.png\",\"width\":200,\"height\":200,\"caption\":\"Shin Communication\"},\"image\":{\"@id\":\"https:\/\/www.shincommunication.com\/#\/schema\/logo\/image\/\"},\"sameAs\":[\"https:\/\/www.facebook.com\/ShinCommunication\",\"https:\/\/x.com\/ShinCommunicate\",\"http:\/\/www.linkedin.com\/company\/shin-communication?trk=hb_tab_compy_id_2949876\"]},{\"@type\":\"Person\",\"@id\":\"https:\/\/www.shincommunication.com\/#\/schema\/person\/0c181271878e454d6408e519766100ec\",\"name\":\"Shin\",\"image\":{\"@type\":\"ImageObject\",\"inLanguage\":\"en-US\",\"@id\":\"https:\/\/www.shincommunication.com\/#\/schema\/person\/image\/\",\"url\":\"https:\/\/secure.gravatar.com\/avatar\/8312385b498db60711056d1d237fe6de?s=96&d=mm&r=g\",\"contentUrl\":\"https:\/\/secure.gravatar.com\/avatar\/8312385b498db60711056d1d237fe6de?s=96&d=mm&r=g\",\"caption\":\"Shin\"}}]}<\/script>\n<!-- \/ Yoast SEO plugin. -->","yoast_head_json":{"title":"Il multilinguismo al centro della conferenza europea degli esperti nella valutazione linguistica di Parigi  - Shin Communication","description":"Il prossimo Aprile si terr\u00e0 a Parigi la quinta edizione della conferenza internazionale ALTE che vedr\u00e0 riuniti i massimi esperti del settore per discutere","robots":{"index":"index","follow":"follow","max-snippet":"max-snippet:-1","max-image-preview":"max-image-preview:large","max-video-preview":"max-video-preview:-1"},"canonical":"https:\/\/www.shincommunication.com\/en\/il-multilinguismo-al-centro-della-conferenza-europea-degli-esperti-nella-valutazione-linguistica-di-parigi\/","og_locale":"en_US","og_type":"article","og_title":"Il multilinguismo al centro della conferenza europea degli esperti nella valutazione linguistica di Parigi  - Shin Communication","og_description":"Il prossimo Aprile si terr\u00e0 a Parigi la quinta edizione della conferenza internazionale ALTE che vedr\u00e0 riuniti i massimi esperti del settore per discutere","og_url":"https:\/\/www.shincommunication.com\/en\/il-multilinguismo-al-centro-della-conferenza-europea-degli-esperti-nella-valutazione-linguistica-di-parigi\/","og_site_name":"Shin Communication","article_publisher":"https:\/\/www.facebook.com\/ShinCommunication","article_published_time":"2014-03-17T11:23:11+00:00","article_modified_time":"2014-03-17T11:25:59+00:00","author":"Shin","twitter_misc":{"Written by":"Shin","Est. reading time":"3 minutes"},"schema":{"@context":"https:\/\/schema.org","@graph":[{"@type":"Article","@id":"https:\/\/www.shincommunication.com\/en\/il-multilinguismo-al-centro-della-conferenza-europea-degli-esperti-nella-valutazione-linguistica-di-parigi\/#article","isPartOf":{"@id":"https:\/\/www.shincommunication.com\/en\/il-multilinguismo-al-centro-della-conferenza-europea-degli-esperti-nella-valutazione-linguistica-di-parigi\/"},"author":{"name":"Shin","@id":"https:\/\/www.shincommunication.com\/#\/schema\/person\/0c181271878e454d6408e519766100ec"},"headline":"Il multilinguismo al centro della conferenza europea degli esperti nella valutazione linguistica di Parigi","datePublished":"2014-03-17T11:23:11+00:00","dateModified":"2014-03-17T11:25:59+00:00","mainEntityOfPage":{"@id":"https:\/\/www.shincommunication.com\/en\/il-multilinguismo-al-centro-della-conferenza-europea-degli-esperti-nella-valutazione-linguistica-di-parigi\/"},"wordCount":658,"publisher":{"@id":"https:\/\/www.shincommunication.com\/#organization"},"keywords":["ALTE","Cambridge English Language Assessment","inglese","multilinguismo","Parigi"],"articleSection":["Cambridge English Assessment","Press Area"],"inLanguage":"en-US"},{"@type":"WebPage","@id":"https:\/\/www.shincommunication.com\/en\/il-multilinguismo-al-centro-della-conferenza-europea-degli-esperti-nella-valutazione-linguistica-di-parigi\/","url":"https:\/\/www.shincommunication.com\/en\/il-multilinguismo-al-centro-della-conferenza-europea-degli-esperti-nella-valutazione-linguistica-di-parigi\/","name":"Il multilinguismo al centro della conferenza europea degli esperti nella valutazione linguistica di Parigi - Shin Communication","isPartOf":{"@id":"https:\/\/www.shincommunication.com\/#website"},"datePublished":"2014-03-17T11:23:11+00:00","dateModified":"2014-03-17T11:25:59+00:00","description":"Il prossimo Aprile si terr\u00e0 a Parigi la quinta edizione della conferenza internazionale ALTE che vedr\u00e0 riuniti i massimi esperti del settore per discutere","inLanguage":"en-US","potentialAction":[{"@type":"ReadAction","target":["https:\/\/www.shincommunication.com\/en\/il-multilinguismo-al-centro-della-conferenza-europea-degli-esperti-nella-valutazione-linguistica-di-parigi\/"]}]},{"@type":"WebSite","@id":"https:\/\/www.shincommunication.com\/#website","url":"https:\/\/www.shincommunication.com\/","name":"Shin Communication","description":"Press Relation and more","publisher":{"@id":"https:\/\/www.shincommunication.com\/#organization"},"potentialAction":[{"@type":"SearchAction","target":{"@type":"EntryPoint","urlTemplate":"https:\/\/www.shincommunication.com\/?s={search_term_string}"},"query-input":{"@type":"PropertyValueSpecification","valueRequired":true,"valueName":"search_term_string"}}],"inLanguage":"en-US"},{"@type":"Organization","@id":"https:\/\/www.shincommunication.com\/#organization","name":"Shin Communication","url":"https:\/\/www.shincommunication.com\/","logo":{"@type":"ImageObject","inLanguage":"en-US","@id":"https:\/\/www.shincommunication.com\/#\/schema\/logo\/image\/","url":"https:\/\/www.shincommunication.com\/wp-content\/uploads\/2019\/03\/logo_shin.png","contentUrl":"https:\/\/www.shincommunication.com\/wp-content\/uploads\/2019\/03\/logo_shin.png","width":200,"height":200,"caption":"Shin Communication"},"image":{"@id":"https:\/\/www.shincommunication.com\/#\/schema\/logo\/image\/"},"sameAs":["https:\/\/www.facebook.com\/ShinCommunication","https:\/\/x.com\/ShinCommunicate","http:\/\/www.linkedin.com\/company\/shin-communication?trk=hb_tab_compy_id_2949876"]},{"@type":"Person","@id":"https:\/\/www.shincommunication.com\/#\/schema\/person\/0c181271878e454d6408e519766100ec","name":"Shin","image":{"@type":"ImageObject","inLanguage":"en-US","@id":"https:\/\/www.shincommunication.com\/#\/schema\/person\/image\/","url":"https:\/\/secure.gravatar.com\/avatar\/8312385b498db60711056d1d237fe6de?s=96&d=mm&r=g","contentUrl":"https:\/\/secure.gravatar.com\/avatar\/8312385b498db60711056d1d237fe6de?s=96&d=mm&r=g","caption":"Shin"}}]}},"_links":{"self":[{"href":"https:\/\/www.shincommunication.com\/en\/wp-json\/wp\/v2\/posts\/1301","targetHints":{"allow":["GET"]}}],"collection":[{"href":"https:\/\/www.shincommunication.com\/en\/wp-json\/wp\/v2\/posts"}],"about":[{"href":"https:\/\/www.shincommunication.com\/en\/wp-json\/wp\/v2\/types\/post"}],"author":[{"embeddable":true,"href":"https:\/\/www.shincommunication.com\/en\/wp-json\/wp\/v2\/users\/1"}],"replies":[{"embeddable":true,"href":"https:\/\/www.shincommunication.com\/en\/wp-json\/wp\/v2\/comments?post=1301"}],"version-history":[{"count":4,"href":"https:\/\/www.shincommunication.com\/en\/wp-json\/wp\/v2\/posts\/1301\/revisions"}],"predecessor-version":[{"id":1305,"href":"https:\/\/www.shincommunication.com\/en\/wp-json\/wp\/v2\/posts\/1301\/revisions\/1305"}],"wp:attachment":[{"href":"https:\/\/www.shincommunication.com\/en\/wp-json\/wp\/v2\/media?parent=1301"}],"wp:term":[{"taxonomy":"category","embeddable":true,"href":"https:\/\/www.shincommunication.com\/en\/wp-json\/wp\/v2\/categories?post=1301"},{"taxonomy":"post_tag","embeddable":true,"href":"https:\/\/www.shincommunication.com\/en\/wp-json\/wp\/v2\/tags?post=1301"}],"curies":[{"name":"wp","href":"https:\/\/api.w.org\/{rel}","templated":true}]}}