
{"id":1327,"date":"2014-03-25T09:52:33","date_gmt":"2014-03-25T08:52:33","guid":{"rendered":"http:\/\/www.shincommunication.com\/?p=1327"},"modified":"2014-03-25T15:03:57","modified_gmt":"2014-03-25T14:03:57","slug":"cineforum-un-ambiente-inclusivo-cambia-la-storia-delle-persone","status":"publish","type":"post","link":"https:\/\/www.shincommunication.com\/de\/cineforum-un-ambiente-inclusivo-cambia-la-storia-delle-persone\/","title":{"rendered":"CINEFORUM \u201cUN AMBIENTE INCLUSIVO CAMBIA LA STORIA DELLE PERSONE&#8220;"},"content":{"rendered":"<div style=\"background-repeat: no-repeat;\"><p align=\"center\"><strong>ANFFAS VARESE \u2013 FONDAZIONE PIATTI \u2013 ACLI \u2013 LEGAMBIENTE E FONDAZIONE ISTITUTO LA CASA,<\/strong><\/p>\n<p align=\"center\"><strong>\u00a0sono lieti di presentare il CINEFORUM<\/strong><\/p>\n<p align=\"center\"><strong><span style=\"text-decoration: underline;\">\u201cUN AMBIENTE INCLUSIVO CAMBIA LA STORIA DELLE PERSONE\u201d<\/span><\/strong><\/p>\n<p align=\"center\"><i>4 film-dibattito per riflettere insieme<\/i><b>\u00a0<\/b><\/p>\n<p align=\"center\"><strong>A GAVIRATE, AZZATE, INDUNO OLONA E CASSANO VALCUVIA <\/strong><\/p>\n<p align=\"center\"><strong>IN OCCASIONE DELLA VII\u00b0 GIORNATA NAZIONALE DELLA DISABILITA\u2019 INTELLETTIVA E\/O RELAZIONALE <\/strong><\/p>\n<p align=\"center\"><strong>(28 MARZO 2014) \u201cANFFAS OPEN DAY\u201d <i>INSIEME PER L\u2019INCLUSIONE SOCIALE!<\/i><\/strong><\/p>\n<p align=\"center\"><a href=\"http:\/\/www.shincommunication.com\/wp-content\/uploads\/2014\/03\/LocandinaCineforum.png\"><img loading=\"lazy\" decoding=\"async\" class=\"alignnone size-medium wp-image-1331\" alt=\"LocandinaCineforum\" src=\"http:\/\/www.shincommunication.com\/wp-content\/uploads\/2014\/03\/LocandinaCineforum-211x300.png\" width=\"211\" height=\"300\" srcset=\"https:\/\/www.shincommunication.com\/wp-content\/uploads\/2014\/03\/LocandinaCineforum-211x300.png 211w, https:\/\/www.shincommunication.com\/wp-content\/uploads\/2014\/03\/LocandinaCineforum-721x1024.png 721w, https:\/\/www.shincommunication.com\/wp-content\/uploads\/2014\/03\/LocandinaCineforum.png 970w\" sizes=\"auto, (max-width: 211px) 100vw, 211px\" \/><\/a><\/p>\n<p><strong>\u00a0<\/strong><\/p>\n<p>Il <b>28 marzo 2014<\/b> torna, per il <b>settimo anno consecutivo<\/b>, la <b>Giornata Nazionale della Disabilit\u00e0 Intellettiva e\/o Relazionale<\/b>, manifestazione nazionale promossa e organizzata da <b>Anffas Onlus \u2013 Associazione Nazionale Famiglie di Persone con Disabilit\u00e0 Intellettiva e\/o relazionale<\/b>, che quest\u2019anno, per perseguire il suo obiettivo di informazione e sensibilizzazione, <b>sar\u00e0 declinata in un vero e proprio Open Day in cui le strutture organizzeranno qualcosa per o con il territorio! <\/b><\/p>\n<p>A Varese, <b>Anffas ha<\/b> organizzato insieme a <b>Fondazione R. Piatti onlus<\/b>, un <b>ricco programma di iniziative presso i vari Centri in citt\u00e0 e provincia.<\/b> La festa continuer\u00e0, a partire da <b>sabato 29 marzo<\/b>, con il <b>Cineforum a ingresso libero <\/b>dal titolo <b>\u00a0<\/b><\/p>\n<p align=\"center\"><b>\u00a0<\/b><strong>\u201cUN AMBIENTE INCLUSIVO CAMBIA LA STORIA DELLE PERSONE\u201d<\/strong><\/p>\n<p>\u00a0organizzato <b>insieme ad <\/b><b>Acli, Fondazione Istituto La Casa, Legambiente<\/b><b>. <\/b>Un fronte comune, insieme a queste importanti realt\u00e0 del sociale, per essere pi\u00f9 incisivi e soprattutto per portare avanti tutti insieme, grazie a un mezzo stimolante e coinvolgente quale \u00e8 il cinema, un messaggio di impegno costante nei confronti dell\u2019inclusione. <b><span style=\"text-decoration: underline;\">Tutti i dettagli sulla locandina allegata.<\/span><\/b><\/p>\n<p>&nbsp;<\/p>\n<p><strong><span style=\"text-decoration: underline;\">Perch\u00e9 assieme?<\/span><\/strong><\/p>\n<p>Pensiamo che \u00e8 limitante parlare di disabilit\u00e0 o di qualsiasi altra fragilit\u00e0 in modo a se stante: deve essere parte della famiglia, del lavoro, della cura e dell&#8217;ambiente pi\u00f9 in generale. La promozione della famiglia, del lavoro e della natura porta ad un&#8217;attenzione ed ad una valorizzazione della Persona indipendentemente dal suo funzionamento dove le persone con patologie partecipano, con gli altri, senza gli impedimenti artificiali che li rendono disabili.<\/p>\n<p><strong><span style=\"text-decoration: underline;\">Perch\u00e9 un ambiente inclusivo?<\/span><\/strong><\/p>\n<p>Una societ\u00e0 che riconosce a tutti il diritto ad essere Persona prima di essere Disabile, Straniero, Povero \u00e8 una societ\u00e0 in cui tutti possono vivere assieme e possono esprimere il meglio di se stessi. E\u2019 una societ\u00e0 in cui il rispetto del territorio \u00e8 l&#8217;ovvia conseguenza del rispetto della Persona, \u00e8 una societ\u00e0 in grado di adattarsi per essere accogliente con tutti. <b><\/b><\/p>\n<p><b><\/b><strong><span style=\"text-decoration: underline;\">Perch\u00e9 il cinema?<\/span><\/strong><\/p>\n<p>Perch\u00e9 siamo tutti consci dei problemi e delle fatiche, ma attraverso quest&#8217;arte si riesce a comunicare in modo diretto i problemi, le emozioni e le storie con semplicit\u00e0 senza banalizzare.<b><\/b><\/p>\n<p><b><\/b><strong><span style=\"text-decoration: underline;\">Perch\u00e9 a ingresso gratuito?<\/span><\/strong><\/p>\n<p>Durante l&#8217;anno chiediamo alla gente di aiutarci a sostenere i nostri progetti. In questo caso vogliamo restituire qualcosa con gratitudine alle persone: delle piacevoli serate con altre Persone.<b><\/b><\/p>\n<p>Il programma prevede quattro film ad alto gradimento, tra i quali <b>l\u2019acclamatissimo \u201cPulce non c\u2019\u00e8\u201d, premio speciale della giuria di Alice nella Citt\u00e0 al Festival internazionale del Film di Roma del 2012, <\/b>uscito pochi giorni fa al Nuovo Sacher di Roma e<b> mai proiettato altrove in Italia <\/b>(trailer: <a href=\"http:\/\/youtu.be\/wdQWn0882Uo\">http:\/\/youtu.be\/wdQWn0882Uo<\/a>).<\/p>\n<p><b>\u00a0<\/b><\/p>\n<p><b><\/b><strong>PULCE NON C\u2019E\u2019 (Italia 2012) Regia di Giuseppe Bonito<\/strong><\/p>\n<p><span style=\"text-decoration: underline;\">Sabato 29 marzo 2014 ORE 21 <\/span><\/p>\n<p>Sala Garden &#8211; Via IV Novembre 17 \u2013 Gavirate<\/p>\n<p><i>Presentazione a cura di Matteo Angaroni- Cinequanon<\/i><\/p>\n<p>\u201cPulce non c\u2019\u00e8\u201d \u00e8 il caso letterario e cinematografico della stagione 2012\/2013. Tratto dal romanzo omonimo di Gaia Rayneri, racconta la storia di Pulce, una bambina autistica di otto anni, e della sua famiglia, di sua sorella Giovanna e di sua madre e suo padre.<\/p>\n<p><b>\u00a0<\/b><\/p>\n<p><b><\/b><strong>SI PUO\u2019 FARE\u00a0(Italia 2008)\u00a0\u00a0Regia di Giulio Manfredonia \u00a0 \u00a0 \u00a0 \u00a0<\/strong><\/p>\n<p><span style=\"text-decoration: underline;\">Gioved\u00ec, 3 aprile 2014 ore 21<\/span><\/p>\n<p>Cinema Castellani \u2013 Via Acquadro, 32 \u2013 Azzate<\/p>\n<p><i>Presentazione a cura di Alessandro Leone- Cinequanon<\/i><\/p>\n<p>Milano, 1983. Sindacalista considerato un gran rompiballe, Nello viene mandato a dirigere la Cooperativa 180, una associazione di &#8222;matti&#8220; slegati dalla legge Basaglia (in vigore da 5 anni) e (non) impegnati in attivit\u00e0 assistenziali. Il fantasioso Nello scopre le qualit\u00e0 di ognuno e, ostacolato da tutti, li mette al lavoro (posatori e ideatori di parquet) con grande successo.<\/p>\n<p>&nbsp;<\/p>\n<p><b><\/b><strong>LARS E UNA RAGAZZA TUTTA SUA\u00a0(U.S.A. 2007) Regia di Craig Gillespie \u00a0 \u00a0<\/strong><b> \u00a0 \u00a0 \u00a0 \u00a0 \u00a0\u00a0<\/b><\/p>\n<p><span style=\"text-decoration: underline;\">Sabato, 5 aprile 2014 ore 21<\/span><\/p>\n<p>Cinema Parrocchiale \u2013 Via Porro, 64 &#8211; Induno Olona<\/p>\n<p><i>Presentazione a cura di Giulia Colella &#8211; Cinequanon<\/i><\/p>\n<p>Lars Lindstrom vive in un freddo paesino del Wisconsin. Sociofobico e patologicamente timido, un giorno si presenta a casa del fratello dichiarando di aver trovato una fidanzata via internet, Bianca. Tutto \u201cnormale\u201d, non fosse che la ragazza \u00e8 una bambola di dimensioni umane.<\/p>\n<p>&nbsp;<\/p>\n<p><b><\/b><strong>IL RAGAZZO CON LA BICICLETTA (Francia, Italia 2011) Regia di Jean Pierre e Luc Dardenne<\/strong><\/p>\n<p><span style=\"text-decoration: underline;\">Venerd\u00ec, 11 aprile 2014 ore 21<\/span><\/p>\n<p>Teatro Comunale di Cassano Valcuvia\u00a0&#8211; Via IV Novembre 4<\/p>\n<p><i>Presentazione a cura di Alessandro Leone- Cinequanon<\/i><br \/>\nA Liegi il 13enne Cyril Catoul vive, insofferente, in un centro di accoglienza per l&#8217;infanzia dove l&#8217;ha lasciato il padre cuoco Guy che vuole rifarsi una vita senza di lui. Cocciuto e violento, Cyril non si arrende ai fatti: vuole vivere col padre. Senza un motivo preciso, la parrucchiera Samantha gli si affeziona e lo tiene con s\u00e9 nei weekend.<\/p>\n<p>&nbsp;<\/p>\n<\/div><div style=\"padding-bottom:20px; padding-top:10px;\" class=\"hupso-share-buttons\"><!-- Hupso Share Buttons - http:\/\/www.hupso.com\/share\/ --><a class=\"hupso_toolbar\" href=\"http:\/\/www.hupso.com\/share\/\"><img decoding=\"async\" src=\"https:\/\/static.hupso.com\/share\/buttons\/share-small.png\" style=\"border:0px; padding-top:5px; float:left;\" alt=\"Share Button\"\/><\/a><script type=\"text\/javascript\">var hupso_services_t=new Array(\"Twitter\",\"Facebook\",\"Google Plus\",\"Pinterest\",\"Linkedin\",\"StumbleUpon\",\"Digg\",\"Reddit\",\"Bebo\",\"Delicious\");var hupso_background_t=\"#EAF4FF\";var hupso_border_t=\"#66CCFF\";var hupso_toolbar_size_t=\"small\";var hupso_image_folder_url = \"http:\/\/www.shincommunication.com\/wp-content\/plugins\/hupso-share-buttons-for-twitter-facebook-google\/img\/services\/\";var hupso_url_t=\"\";var hupso_title_t=\"CINEFORUM \u201cUN AMBIENTE INCLUSIVO CAMBIA LA STORIA DELLE PERSONE&quot;\";<\/script><script type=\"text\/javascript\" src=\"https:\/\/static.hupso.com\/share\/js\/share_toolbar.js\"><\/script><!-- Hupso Share Buttons --><\/div>","protected":false},"excerpt":{"rendered":"<p>ANFFAS VARESE \u2013 FONDAZIONE PIATTI \u2013 ACLI \u2013 LEGAMBIENTE E FONDAZIONE ISTITUTO LA CASA, \u00a0sono lieti di presentare il CINEFORUM&#8230;<\/p>\n<div style=\"padding-bottom:20px; padding-top:10px;\" class=\"hupso-share-buttons\"><!-- Hupso Share Buttons - http:\/\/www.hupso.com\/share\/ --><a class=\"hupso_toolbar\" href=\"http:\/\/www.hupso.com\/share\/\"><img src=\"https:\/\/static.hupso.com\/share\/buttons\/share-small.png\" style=\"border:0px; padding-top:5px; float:left;\" alt=\"Share Button\"\/><\/a><script type=\"text\/javascript\">var hupso_services_t=new Array(\"Twitter\",\"Facebook\",\"Google Plus\",\"Pinterest\",\"Linkedin\",\"StumbleUpon\",\"Digg\",\"Reddit\",\"Bebo\",\"Delicious\");var hupso_background_t=\"#EAF4FF\";var hupso_border_t=\"#66CCFF\";var hupso_toolbar_size_t=\"small\";var hupso_image_folder_url = \"http:\/\/www.shincommunication.com\/wp-content\/plugins\/hupso-share-buttons-for-twitter-facebook-google\/img\/services\/\";var hupso_url_t=\"\";var hupso_title_t=\"CINEFORUM \u201cUN AMBIENTE INCLUSIVO CAMBIA LA STORIA DELLE PERSONE&quot;\";<\/script><script type=\"text\/javascript\" src=\"https:\/\/static.hupso.com\/share\/js\/share_toolbar.js\"><\/script><!-- Hupso Share Buttons --><\/div>","protected":false},"author":1,"featured_media":0,"comment_status":"closed","ping_status":"closed","sticky":false,"template":"","format":"standard","meta":{"footnotes":""},"categories":[134,25],"tags":[286,293,182,1622,294,205],"class_list":["post-1327","post","type-post","status-publish","format-standard","hentry","category-fondazione-piatti","category-comunicati-stampa","tag-anffas","tag-cineforum","tag-eventi","tag-fondazione-piatti","tag-inclusione-sociale","tag-varese"],"yoast_head":"<!-- This site is optimized with the Yoast SEO plugin v25.3.1 - https:\/\/yoast.com\/wordpress\/plugins\/seo\/ -->\n<title>CINEFORUM \u201cUN AMBIENTE INCLUSIVO CAMBIA LA STORIA DELLE PERSONE&quot; - Shin Communication<\/title>\n<meta name=\"description\" content=\"Il 28 marzo 2014 torna, per il settimo anno consecutivo, la Giornata Nazionale della Disabilit\u00e0 Intellettiva e\/o Relazionale, manifestazione nazionale\" \/>\n<meta name=\"robots\" content=\"index, follow, max-snippet:-1, max-image-preview:large, max-video-preview:-1\" \/>\n<link rel=\"canonical\" href=\"https:\/\/www.shincommunication.com\/en\/cineforum-un-ambiente-inclusivo-cambia-la-storia-delle-persone\/\" \/>\n<meta property=\"og:locale\" content=\"de_DE\" \/>\n<meta property=\"og:type\" content=\"article\" \/>\n<meta property=\"og:title\" content=\"CINEFORUM \u201cUN AMBIENTE INCLUSIVO CAMBIA LA STORIA DELLE PERSONE&quot; - Shin Communication\" \/>\n<meta property=\"og:description\" content=\"Il 28 marzo 2014 torna, per il settimo anno consecutivo, la Giornata Nazionale della Disabilit\u00e0 Intellettiva e\/o Relazionale, manifestazione nazionale\" \/>\n<meta property=\"og:url\" content=\"https:\/\/www.shincommunication.com\/en\/cineforum-un-ambiente-inclusivo-cambia-la-storia-delle-persone\/\" \/>\n<meta property=\"og:site_name\" content=\"Shin Communication\" \/>\n<meta property=\"article:publisher\" content=\"https:\/\/www.facebook.com\/ShinCommunication\" \/>\n<meta property=\"article:published_time\" content=\"2014-03-25T08:52:33+00:00\" \/>\n<meta property=\"article:modified_time\" content=\"2014-03-25T14:03:57+00:00\" \/>\n<meta property=\"og:image\" content=\"http:\/\/www.shincommunication.com\/wp-content\/uploads\/2014\/03\/LocandinaCineforum-211x300.png\" \/>\n<meta name=\"author\" content=\"Shin\" \/>\n<meta name=\"twitter:label1\" content=\"Verfasst von\" \/>\n\t<meta name=\"twitter:data1\" content=\"Shin\" \/>\n\t<meta name=\"twitter:label2\" content=\"Gesch\u00e4tzte Lesezeit\" \/>\n\t<meta name=\"twitter:data2\" content=\"4\u00a0Minuten\" \/>\n<script type=\"application\/ld+json\" class=\"yoast-schema-graph\">{\"@context\":\"https:\/\/schema.org\",\"@graph\":[{\"@type\":\"Article\",\"@id\":\"https:\/\/www.shincommunication.com\/en\/cineforum-un-ambiente-inclusivo-cambia-la-storia-delle-persone\/#article\",\"isPartOf\":{\"@id\":\"https:\/\/www.shincommunication.com\/en\/cineforum-un-ambiente-inclusivo-cambia-la-storia-delle-persone\/\"},\"author\":{\"name\":\"Shin\",\"@id\":\"https:\/\/www.shincommunication.com\/#\/schema\/person\/0c181271878e454d6408e519766100ec\"},\"headline\":\"CINEFORUM \u201cUN AMBIENTE INCLUSIVO CAMBIA LA STORIA DELLE PERSONE&#8220;\",\"datePublished\":\"2014-03-25T08:52:33+00:00\",\"dateModified\":\"2014-03-25T14:03:57+00:00\",\"mainEntityOfPage\":{\"@id\":\"https:\/\/www.shincommunication.com\/en\/cineforum-un-ambiente-inclusivo-cambia-la-storia-delle-persone\/\"},\"wordCount\":807,\"publisher\":{\"@id\":\"https:\/\/www.shincommunication.com\/#organization\"},\"image\":{\"@id\":\"https:\/\/www.shincommunication.com\/en\/cineforum-un-ambiente-inclusivo-cambia-la-storia-delle-persone\/#primaryimage\"},\"thumbnailUrl\":\"http:\/\/www.shincommunication.com\/wp-content\/uploads\/2014\/03\/LocandinaCineforum-211x300.png\",\"keywords\":[\"Anffas\",\"cineforum\",\"eventi\",\"Fondazione Piatti\",\"inclusione sociale\",\"Varese\"],\"articleSection\":[\"Fondazione Piatti\",\"Press Area\"],\"inLanguage\":\"de\"},{\"@type\":\"WebPage\",\"@id\":\"https:\/\/www.shincommunication.com\/en\/cineforum-un-ambiente-inclusivo-cambia-la-storia-delle-persone\/\",\"url\":\"https:\/\/www.shincommunication.com\/en\/cineforum-un-ambiente-inclusivo-cambia-la-storia-delle-persone\/\",\"name\":\"CINEFORUM \u201cUN AMBIENTE INCLUSIVO CAMBIA LA STORIA DELLE PERSONE\\\" - Shin Communication\",\"isPartOf\":{\"@id\":\"https:\/\/www.shincommunication.com\/#website\"},\"primaryImageOfPage\":{\"@id\":\"https:\/\/www.shincommunication.com\/en\/cineforum-un-ambiente-inclusivo-cambia-la-storia-delle-persone\/#primaryimage\"},\"image\":{\"@id\":\"https:\/\/www.shincommunication.com\/en\/cineforum-un-ambiente-inclusivo-cambia-la-storia-delle-persone\/#primaryimage\"},\"thumbnailUrl\":\"http:\/\/www.shincommunication.com\/wp-content\/uploads\/2014\/03\/LocandinaCineforum-211x300.png\",\"datePublished\":\"2014-03-25T08:52:33+00:00\",\"dateModified\":\"2014-03-25T14:03:57+00:00\",\"description\":\"Il 28 marzo 2014 torna, per il settimo anno consecutivo, la Giornata Nazionale della Disabilit\u00e0 Intellettiva e\/o Relazionale, manifestazione nazionale\",\"inLanguage\":\"de\",\"potentialAction\":[{\"@type\":\"ReadAction\",\"target\":[\"https:\/\/www.shincommunication.com\/en\/cineforum-un-ambiente-inclusivo-cambia-la-storia-delle-persone\/\"]}]},{\"@type\":\"ImageObject\",\"inLanguage\":\"de\",\"@id\":\"https:\/\/www.shincommunication.com\/en\/cineforum-un-ambiente-inclusivo-cambia-la-storia-delle-persone\/#primaryimage\",\"url\":\"http:\/\/www.shincommunication.com\/wp-content\/uploads\/2014\/03\/LocandinaCineforum-211x300.png\",\"contentUrl\":\"http:\/\/www.shincommunication.com\/wp-content\/uploads\/2014\/03\/LocandinaCineforum-211x300.png\"},{\"@type\":\"WebSite\",\"@id\":\"https:\/\/www.shincommunication.com\/#website\",\"url\":\"https:\/\/www.shincommunication.com\/\",\"name\":\"Shin Communication\",\"description\":\"Press Relation and more\",\"publisher\":{\"@id\":\"https:\/\/www.shincommunication.com\/#organization\"},\"potentialAction\":[{\"@type\":\"SearchAction\",\"target\":{\"@type\":\"EntryPoint\",\"urlTemplate\":\"https:\/\/www.shincommunication.com\/?s={search_term_string}\"},\"query-input\":{\"@type\":\"PropertyValueSpecification\",\"valueRequired\":true,\"valueName\":\"search_term_string\"}}],\"inLanguage\":\"de\"},{\"@type\":\"Organization\",\"@id\":\"https:\/\/www.shincommunication.com\/#organization\",\"name\":\"Shin Communication\",\"url\":\"https:\/\/www.shincommunication.com\/\",\"logo\":{\"@type\":\"ImageObject\",\"inLanguage\":\"de\",\"@id\":\"https:\/\/www.shincommunication.com\/#\/schema\/logo\/image\/\",\"url\":\"https:\/\/www.shincommunication.com\/wp-content\/uploads\/2019\/03\/logo_shin.png\",\"contentUrl\":\"https:\/\/www.shincommunication.com\/wp-content\/uploads\/2019\/03\/logo_shin.png\",\"width\":200,\"height\":200,\"caption\":\"Shin Communication\"},\"image\":{\"@id\":\"https:\/\/www.shincommunication.com\/#\/schema\/logo\/image\/\"},\"sameAs\":[\"https:\/\/www.facebook.com\/ShinCommunication\",\"https:\/\/x.com\/ShinCommunicate\",\"http:\/\/www.linkedin.com\/company\/shin-communication?trk=hb_tab_compy_id_2949876\"]},{\"@type\":\"Person\",\"@id\":\"https:\/\/www.shincommunication.com\/#\/schema\/person\/0c181271878e454d6408e519766100ec\",\"name\":\"Shin\",\"image\":{\"@type\":\"ImageObject\",\"inLanguage\":\"de\",\"@id\":\"https:\/\/www.shincommunication.com\/#\/schema\/person\/image\/\",\"url\":\"https:\/\/secure.gravatar.com\/avatar\/8312385b498db60711056d1d237fe6de?s=96&d=mm&r=g\",\"contentUrl\":\"https:\/\/secure.gravatar.com\/avatar\/8312385b498db60711056d1d237fe6de?s=96&d=mm&r=g\",\"caption\":\"Shin\"}}]}<\/script>\n<!-- \/ Yoast SEO plugin. -->","yoast_head_json":{"title":"CINEFORUM \u201cUN AMBIENTE INCLUSIVO CAMBIA LA STORIA DELLE PERSONE\" - Shin Communication","description":"Il 28 marzo 2014 torna, per il settimo anno consecutivo, la Giornata Nazionale della Disabilit\u00e0 Intellettiva e\/o Relazionale, manifestazione nazionale","robots":{"index":"index","follow":"follow","max-snippet":"max-snippet:-1","max-image-preview":"max-image-preview:large","max-video-preview":"max-video-preview:-1"},"canonical":"https:\/\/www.shincommunication.com\/en\/cineforum-un-ambiente-inclusivo-cambia-la-storia-delle-persone\/","og_locale":"de_DE","og_type":"article","og_title":"CINEFORUM \u201cUN AMBIENTE INCLUSIVO CAMBIA LA STORIA DELLE PERSONE\" - Shin Communication","og_description":"Il 28 marzo 2014 torna, per il settimo anno consecutivo, la Giornata Nazionale della Disabilit\u00e0 Intellettiva e\/o Relazionale, manifestazione nazionale","og_url":"https:\/\/www.shincommunication.com\/en\/cineforum-un-ambiente-inclusivo-cambia-la-storia-delle-persone\/","og_site_name":"Shin Communication","article_publisher":"https:\/\/www.facebook.com\/ShinCommunication","article_published_time":"2014-03-25T08:52:33+00:00","article_modified_time":"2014-03-25T14:03:57+00:00","og_image":[{"url":"http:\/\/www.shincommunication.com\/wp-content\/uploads\/2014\/03\/LocandinaCineforum-211x300.png","type":"","width":"","height":""}],"author":"Shin","twitter_misc":{"Verfasst von":"Shin","Gesch\u00e4tzte Lesezeit":"4\u00a0Minuten"},"schema":{"@context":"https:\/\/schema.org","@graph":[{"@type":"Article","@id":"https:\/\/www.shincommunication.com\/en\/cineforum-un-ambiente-inclusivo-cambia-la-storia-delle-persone\/#article","isPartOf":{"@id":"https:\/\/www.shincommunication.com\/en\/cineforum-un-ambiente-inclusivo-cambia-la-storia-delle-persone\/"},"author":{"name":"Shin","@id":"https:\/\/www.shincommunication.com\/#\/schema\/person\/0c181271878e454d6408e519766100ec"},"headline":"CINEFORUM \u201cUN AMBIENTE INCLUSIVO CAMBIA LA STORIA DELLE PERSONE&#8220;","datePublished":"2014-03-25T08:52:33+00:00","dateModified":"2014-03-25T14:03:57+00:00","mainEntityOfPage":{"@id":"https:\/\/www.shincommunication.com\/en\/cineforum-un-ambiente-inclusivo-cambia-la-storia-delle-persone\/"},"wordCount":807,"publisher":{"@id":"https:\/\/www.shincommunication.com\/#organization"},"image":{"@id":"https:\/\/www.shincommunication.com\/en\/cineforum-un-ambiente-inclusivo-cambia-la-storia-delle-persone\/#primaryimage"},"thumbnailUrl":"http:\/\/www.shincommunication.com\/wp-content\/uploads\/2014\/03\/LocandinaCineforum-211x300.png","keywords":["Anffas","cineforum","eventi","Fondazione Piatti","inclusione sociale","Varese"],"articleSection":["Fondazione Piatti","Press Area"],"inLanguage":"de"},{"@type":"WebPage","@id":"https:\/\/www.shincommunication.com\/en\/cineforum-un-ambiente-inclusivo-cambia-la-storia-delle-persone\/","url":"https:\/\/www.shincommunication.com\/en\/cineforum-un-ambiente-inclusivo-cambia-la-storia-delle-persone\/","name":"CINEFORUM \u201cUN AMBIENTE INCLUSIVO CAMBIA LA STORIA DELLE PERSONE\" - Shin Communication","isPartOf":{"@id":"https:\/\/www.shincommunication.com\/#website"},"primaryImageOfPage":{"@id":"https:\/\/www.shincommunication.com\/en\/cineforum-un-ambiente-inclusivo-cambia-la-storia-delle-persone\/#primaryimage"},"image":{"@id":"https:\/\/www.shincommunication.com\/en\/cineforum-un-ambiente-inclusivo-cambia-la-storia-delle-persone\/#primaryimage"},"thumbnailUrl":"http:\/\/www.shincommunication.com\/wp-content\/uploads\/2014\/03\/LocandinaCineforum-211x300.png","datePublished":"2014-03-25T08:52:33+00:00","dateModified":"2014-03-25T14:03:57+00:00","description":"Il 28 marzo 2014 torna, per il settimo anno consecutivo, la Giornata Nazionale della Disabilit\u00e0 Intellettiva e\/o Relazionale, manifestazione nazionale","inLanguage":"de","potentialAction":[{"@type":"ReadAction","target":["https:\/\/www.shincommunication.com\/en\/cineforum-un-ambiente-inclusivo-cambia-la-storia-delle-persone\/"]}]},{"@type":"ImageObject","inLanguage":"de","@id":"https:\/\/www.shincommunication.com\/en\/cineforum-un-ambiente-inclusivo-cambia-la-storia-delle-persone\/#primaryimage","url":"http:\/\/www.shincommunication.com\/wp-content\/uploads\/2014\/03\/LocandinaCineforum-211x300.png","contentUrl":"http:\/\/www.shincommunication.com\/wp-content\/uploads\/2014\/03\/LocandinaCineforum-211x300.png"},{"@type":"WebSite","@id":"https:\/\/www.shincommunication.com\/#website","url":"https:\/\/www.shincommunication.com\/","name":"Shin Communication","description":"Press Relation and more","publisher":{"@id":"https:\/\/www.shincommunication.com\/#organization"},"potentialAction":[{"@type":"SearchAction","target":{"@type":"EntryPoint","urlTemplate":"https:\/\/www.shincommunication.com\/?s={search_term_string}"},"query-input":{"@type":"PropertyValueSpecification","valueRequired":true,"valueName":"search_term_string"}}],"inLanguage":"de"},{"@type":"Organization","@id":"https:\/\/www.shincommunication.com\/#organization","name":"Shin Communication","url":"https:\/\/www.shincommunication.com\/","logo":{"@type":"ImageObject","inLanguage":"de","@id":"https:\/\/www.shincommunication.com\/#\/schema\/logo\/image\/","url":"https:\/\/www.shincommunication.com\/wp-content\/uploads\/2019\/03\/logo_shin.png","contentUrl":"https:\/\/www.shincommunication.com\/wp-content\/uploads\/2019\/03\/logo_shin.png","width":200,"height":200,"caption":"Shin Communication"},"image":{"@id":"https:\/\/www.shincommunication.com\/#\/schema\/logo\/image\/"},"sameAs":["https:\/\/www.facebook.com\/ShinCommunication","https:\/\/x.com\/ShinCommunicate","http:\/\/www.linkedin.com\/company\/shin-communication?trk=hb_tab_compy_id_2949876"]},{"@type":"Person","@id":"https:\/\/www.shincommunication.com\/#\/schema\/person\/0c181271878e454d6408e519766100ec","name":"Shin","image":{"@type":"ImageObject","inLanguage":"de","@id":"https:\/\/www.shincommunication.com\/#\/schema\/person\/image\/","url":"https:\/\/secure.gravatar.com\/avatar\/8312385b498db60711056d1d237fe6de?s=96&d=mm&r=g","contentUrl":"https:\/\/secure.gravatar.com\/avatar\/8312385b498db60711056d1d237fe6de?s=96&d=mm&r=g","caption":"Shin"}}]}},"_links":{"self":[{"href":"https:\/\/www.shincommunication.com\/de\/wp-json\/wp\/v2\/posts\/1327","targetHints":{"allow":["GET"]}}],"collection":[{"href":"https:\/\/www.shincommunication.com\/de\/wp-json\/wp\/v2\/posts"}],"about":[{"href":"https:\/\/www.shincommunication.com\/de\/wp-json\/wp\/v2\/types\/post"}],"author":[{"embeddable":true,"href":"https:\/\/www.shincommunication.com\/de\/wp-json\/wp\/v2\/users\/1"}],"replies":[{"embeddable":true,"href":"https:\/\/www.shincommunication.com\/de\/wp-json\/wp\/v2\/comments?post=1327"}],"version-history":[{"count":4,"href":"https:\/\/www.shincommunication.com\/de\/wp-json\/wp\/v2\/posts\/1327\/revisions"}],"predecessor-version":[{"id":1329,"href":"https:\/\/www.shincommunication.com\/de\/wp-json\/wp\/v2\/posts\/1327\/revisions\/1329"}],"wp:attachment":[{"href":"https:\/\/www.shincommunication.com\/de\/wp-json\/wp\/v2\/media?parent=1327"}],"wp:term":[{"taxonomy":"category","embeddable":true,"href":"https:\/\/www.shincommunication.com\/de\/wp-json\/wp\/v2\/categories?post=1327"},{"taxonomy":"post_tag","embeddable":true,"href":"https:\/\/www.shincommunication.com\/de\/wp-json\/wp\/v2\/tags?post=1327"}],"curies":[{"name":"wp","href":"https:\/\/api.w.org\/{rel}","templated":true}]}}